{"id":1147,"date":"2020-11-23T16:22:00","date_gmt":"2020-11-23T21:22:00","guid":{"rendered":"https:\/\/www.maresidenceretraite.ca\/blogue\/?p=1147"},"modified":"2020-12-08T16:41:32","modified_gmt":"2020-12-08T21:41:32","slug":"residences-lux-gouverneur","status":"publish","type":"post","link":"https:\/\/www.maresidenceretraite.ca\/blogue\/residences-lux-gouverneur\/","title":{"rendered":"R\u00e9sidences Lux Gouverneur &#8211; Le luxe abordable!"},"content":{"rendered":"<p><strong>Inspir\u00e9es des plus belles r\u00e9sidences de l&rsquo;Am\u00e9rique de Nord et de l&rsquo;Europe, les r\u00e9sidences pour retrait\u00e9s Lux Gouverneur offrent des milieux de vie dignes des plus grands h\u00f4tels de luxe, \u00e0 la s\u00e9curit\u00e9 et au confort optimis\u00e9s. \u00c0 la barre de ce projet, la cha\u00eene h\u00f4teli\u00e8re Gouverneur et une \u00e9quipe de gestionnaires comp\u00e9tents utilisent leur expertise afin de proposer \u00e0 leurs r\u00e9sidents une gamme de services personnalis\u00e9s, comprenant les soins du corps, les plaisirs de la table et les bienfaits de l\u2019activit\u00e9 physique, le tout dans un d\u00e9cor enchanteur!<\/strong><\/p>\n<p><img loading=\"lazy\" decoding=\"async\" class=\"alignleft wp-image-1154 size-full\" title=\"Lux Gouverneur Lobby\" src=\"https:\/\/www.maresidenceretraite.ca\/blogue\/wp-content\/uploads\/2020\/10\/lux_gouverneur_lobby_avec_gens.jpg\" alt=\"Lux Gouverneur lobby\" width=\"1125\" height=\"624\" srcset=\"https:\/\/www.maresidenceretraite.ca\/blogue\/wp-content\/uploads\/2020\/10\/lux_gouverneur_lobby_avec_gens.jpg 1125w, https:\/\/www.maresidenceretraite.ca\/blogue\/wp-content\/uploads\/2020\/10\/lux_gouverneur_lobby_avec_gens-300x166.jpg 300w, https:\/\/www.maresidenceretraite.ca\/blogue\/wp-content\/uploads\/2020\/10\/lux_gouverneur_lobby_avec_gens-768x426.jpg 768w, https:\/\/www.maresidenceretraite.ca\/blogue\/wp-content\/uploads\/2020\/10\/lux_gouverneur_lobby_avec_gens-1024x568.jpg 1024w\" sizes=\"auto, (max-width: 1125px) 100vw, 1125px\" \/>Alors que le <strong><a href=\"https:\/\/www.maresidenceretraite.ca\/lux-gouverneur\/23179\/\" target=\"_blank\" rel=\"noopener noreferrer\">premier complexe Lux Gouverneur se situe \u00e0 Montr\u00e9al<\/a><\/strong>, tout pr\u00e8s du m\u00e9tro Assomption et de la Place Versailles, un <strong><a href=\"https:\/\/www.maresidenceretraite.ca\/lux-gouverneur-saguenay-\/23494\/\" target=\"_blank\" rel=\"noopener noreferrer\">autre ouvrira bient\u00f4t ses portes \u00e0 Saguenay<\/a>,\u00a0<\/strong>\u00e0 quelques pas de la Place du Royaume de Chicoutimi! Le pavillon de location est d&rsquo;ailleurs ouvert, permettant aux gens de visiter et de r\u00e9server leur appartement. Les spacieux studios et appartements variant d\u2019une \u00e0 trois chambres \u00e0 coucher, sont dot\u00e9s d\u2019une g\u00e9n\u00e9reuse fenestration, de hauts plafonds et d\u2019une panoplie de services inclus dans le loyer. Ce n\u2019est pas pour rien que le concept de Lux Gouverneur est encore in\u00e9gal\u00e9 au Qu\u00e9bec, les complexes offrent une telle gamme de services, d\u2019activit\u00e9s et de divertissements, qu\u2019elle pourrait se comparer \u00e0 une croisi\u00e8re en formule tout inclus.<\/p>\n<p><img loading=\"lazy\" decoding=\"async\" class=\"alignleft wp-image-1152 size-full\" src=\"https:\/\/www.maresidenceretraite.ca\/blogue\/wp-content\/uploads\/2020\/10\/lux_gouverneur_appartement.jpg\" alt=\"couple dans leur appartement\" width=\"1125\" height=\"624\" srcset=\"https:\/\/www.maresidenceretraite.ca\/blogue\/wp-content\/uploads\/2020\/10\/lux_gouverneur_appartement.jpg 1125w, https:\/\/www.maresidenceretraite.ca\/blogue\/wp-content\/uploads\/2020\/10\/lux_gouverneur_appartement-300x166.jpg 300w, https:\/\/www.maresidenceretraite.ca\/blogue\/wp-content\/uploads\/2020\/10\/lux_gouverneur_appartement-768x426.jpg 768w, https:\/\/www.maresidenceretraite.ca\/blogue\/wp-content\/uploads\/2020\/10\/lux_gouverneur_appartement-1024x568.jpg 1024w\" sizes=\"auto, (max-width: 1125px) 100vw, 1125px\" \/><\/p>\n<h2><strong>Vivez votre retraite dans le plus grand des conforts<\/strong><\/h2>\n<p>Les nombreux services offerts t\u00e9moignent avec \u00e9loquence des soins de qualit\u00e9 apport\u00e9s aux r\u00e9sidents. Dans les r\u00e9sidences se trouvent une pharmacie, une \u00e9picerie fine, un comptoir proposant des services-conseils financiers et un spa avec salon de coiffure et d\u2019esth\u00e9tique offrant tous les prodigieux soins de beaut\u00e9 d\u00e9sir\u00e9s. Des professionnels de la sant\u00e9 sont \u00e9galement disponibles 24 heures sur 24 et un centre m\u00e9dical dot\u00e9 d\u2019\u00e9quipements modernes est \u00e0 la disposition des r\u00e9sidents.\u00a0Sans oublier les nombreux cours offerts, en passant par les cours de peinture, de yoga, d\u2019aquaforme et de ta\u00ef-chi, jusqu\u2019au cours d\u2019\u0153nologie pour les amoureux du vin.<\/p>\n<p><img loading=\"lazy\" decoding=\"async\" class=\"alignleft wp-image-1156 size-full\" title=\"Lux Gouverneur salle de d\u00e9gustation\" src=\"https:\/\/www.maresidenceretraite.ca\/blogue\/wp-content\/uploads\/2020\/10\/lux_gouverneur_cellier.jpg\" alt=\"Lux Gouverneur salle de d\u00e9gustation\" width=\"1125\" height=\"624\" srcset=\"https:\/\/www.maresidenceretraite.ca\/blogue\/wp-content\/uploads\/2020\/10\/lux_gouverneur_cellier.jpg 1125w, https:\/\/www.maresidenceretraite.ca\/blogue\/wp-content\/uploads\/2020\/10\/lux_gouverneur_cellier-300x166.jpg 300w, https:\/\/www.maresidenceretraite.ca\/blogue\/wp-content\/uploads\/2020\/10\/lux_gouverneur_cellier-768x426.jpg 768w, https:\/\/www.maresidenceretraite.ca\/blogue\/wp-content\/uploads\/2020\/10\/lux_gouverneur_cellier-1024x568.jpg 1024w\" sizes=\"auto, (max-width: 1125px) 100vw, 1125px\" \/><\/p>\n<p><img loading=\"lazy\" decoding=\"async\" class=\"alignleft wp-image-1158 size-full\" src=\"https:\/\/www.maresidenceretraite.ca\/blogue\/wp-content\/uploads\/2020\/10\/lux_gouverneur_piscine.jpg\" alt=\"Lux Gouverneur piscine int\u00e9rieure\" width=\"1125\" height=\"624\" srcset=\"https:\/\/www.maresidenceretraite.ca\/blogue\/wp-content\/uploads\/2020\/10\/lux_gouverneur_piscine.jpg 1125w, https:\/\/www.maresidenceretraite.ca\/blogue\/wp-content\/uploads\/2020\/10\/lux_gouverneur_piscine-300x166.jpg 300w, https:\/\/www.maresidenceretraite.ca\/blogue\/wp-content\/uploads\/2020\/10\/lux_gouverneur_piscine-768x426.jpg 768w, https:\/\/www.maresidenceretraite.ca\/blogue\/wp-content\/uploads\/2020\/10\/lux_gouverneur_piscine-1024x568.jpg 1024w\" sizes=\"auto, (max-width: 1125px) 100vw, 1125px\" \/><img loading=\"lazy\" decoding=\"async\" class=\"alignleft wp-image-1160 size-full\" src=\"https:\/\/www.maresidenceretraite.ca\/blogue\/wp-content\/uploads\/2020\/10\/lux_gouverneur_bibliotheque.jpg\" alt=\"Lux Gouverneur biblioth\u00e8que\" width=\"1125\" height=\"624\" srcset=\"https:\/\/www.maresidenceretraite.ca\/blogue\/wp-content\/uploads\/2020\/10\/lux_gouverneur_bibliotheque.jpg 1125w, https:\/\/www.maresidenceretraite.ca\/blogue\/wp-content\/uploads\/2020\/10\/lux_gouverneur_bibliotheque-300x166.jpg 300w, https:\/\/www.maresidenceretraite.ca\/blogue\/wp-content\/uploads\/2020\/10\/lux_gouverneur_bibliotheque-768x426.jpg 768w, https:\/\/www.maresidenceretraite.ca\/blogue\/wp-content\/uploads\/2020\/10\/lux_gouverneur_bibliotheque-1024x568.jpg 1024w\" sizes=\"auto, (max-width: 1125px) 100vw, 1125px\" \/>Il est tr\u00e8s peu probable de s\u2019ennuyer chez Lux Gouverneur. Une salle de spectacle pouvant accueillir plusieurs centaines de personnes permet d\u2019assister \u00e0 des repr\u00e9sentations de grande qualit\u00e9, une salle de cin\u00e9ma avec un \u00e9cran professionnel pr\u00e9sente des films r\u00e9cents chaque semaine et une somptueuse biblioth\u00e8que propose une vaste gamme de livres. Ce n\u2019est pas tout, un centre aquatique avec piscine int\u00e9rieure surdimensionn\u00e9e, sauna, bain \u00e0 remous et hammam est disponible. Des jardins luxuriants et une serre am\u00e9nag\u00e9e sur le toit vert permettent aux r\u00e9sidents de pratiquer l\u2019horticulture!<\/p>\n<p><img loading=\"lazy\" decoding=\"async\" class=\"alignleft wp-image-1153 size-full\" src=\"https:\/\/www.maresidenceretraite.ca\/blogue\/wp-content\/uploads\/2020\/10\/lux_gouverneur_jardins.jpg\" alt=\"Lux Gouverneur serre\" width=\"1125\" height=\"624\" srcset=\"https:\/\/www.maresidenceretraite.ca\/blogue\/wp-content\/uploads\/2020\/10\/lux_gouverneur_jardins.jpg 1125w, https:\/\/www.maresidenceretraite.ca\/blogue\/wp-content\/uploads\/2020\/10\/lux_gouverneur_jardins-300x166.jpg 300w, https:\/\/www.maresidenceretraite.ca\/blogue\/wp-content\/uploads\/2020\/10\/lux_gouverneur_jardins-768x426.jpg 768w, https:\/\/www.maresidenceretraite.ca\/blogue\/wp-content\/uploads\/2020\/10\/lux_gouverneur_jardins-1024x568.jpg 1024w\" sizes=\"auto, (max-width: 1125px) 100vw, 1125px\" \/><\/p>\n<h2><strong>Un havre de paix m\u00eame en temps de pand\u00e9mie<\/strong><\/h2>\n<p>En ce temps de pand\u00e9mie, Lux Gouverneur a mis en place toutes les mesures sanitaires recommand\u00e9es afin de minimiser les risques de propagation de la COVID-19. Les recommandations du gouvernement du Qu\u00e9bec sont rigoureusement appliqu\u00e9es, entre autres, des distributeurs de d\u00e9sinfectant \u00e0 mains sont dispos\u00e9s \u00e0 des endroits strat\u00e9giques et la signature d\u2019un registre \u00e0 la r\u00e9ception de la r\u00e9sidence permet aux employ\u00e9s de rester \u00e0 l\u2019aff\u00fbt des d\u00e9placements. Ayant \u00e0 c\u0153ur la sant\u00e9 et le bien-\u00eatre de ses r\u00e9sidents, Lux Gouverneur veille \u00e0 ce que la joie de vivre demeure toujours sous son \u00e9tablissement. Ainsi, les activit\u00e9s permettant de conserver les mesures de distanciation sociale sont maintenues et les employ\u00e9s encouragent les r\u00e9sidents \u00e0 rester actifs, \u00e0 pratiquer l&rsquo;<strong><a href=\"https:\/\/www.maresidenceretraite.ca\/blogue\/trucs-et-design\/art-therapie-pour-aines\/\" target=\"_blank\" rel=\"noopener noreferrer\">art-th\u00e9rapie<\/a><\/strong> et \u00e0 prendre des nouvelles de leurs \u00eatres chers par la voie de la technologie!<\/p>\n<p>La retraite est synonyme de bien-\u00eatre, de d\u00e9tente et de vitalit\u00e9 aux complexes Lux Gouverneur, l\u00e0 o\u00f9 les services rappellent ceux des h\u00f4tels OTL, aussi propuls\u00e9s par Gouverneur.<\/p>\n","protected":false},"excerpt":{"rendered":"<p>Inspir\u00e9es des plus belles r\u00e9sidences de l&rsquo;Am\u00e9rique de Nord et de l&rsquo;Europe, les r\u00e9sidences pour retrait\u00e9s Lux Gouverneur offrent des milieux de vie dignes des plus grands h\u00f4tels de luxe, \u00e0 la s\u00e9curit\u00e9 et au confort optimis\u00e9s. \u00c0 la barre de ce projet, la cha\u00eene h\u00f4teli\u00e8re Gouverneur et une \u00e9quipe de gestionnaires comp\u00e9tents utilisent leur [&hellip;]<\/p>\n","protected":false},"author":9,"featured_media":1167,"comment_status":"closed","ping_status":"closed","sticky":false,"template":"","format":"standard","meta":{"footnotes":""},"categories":[16],"tags":[42,39,41,43,40,34,35,38],"class_list":["post-1147","post","type-post","status-publish","format-standard","has-post-thumbnail","hentry","category-visites-de-residence","tag-confort","tag-lux-gouverneur","tag-luxe","tag-paix","tag-quebec","tag-residence","tag-retraite","tag-retraites"],"yoast_head":"<!-- This site is optimized with the Yoast SEO plugin v27.4 - https:\/\/yoast.com\/product\/yoast-seo-wordpress\/ -->\n<title>R\u00e9sidences Lux Gouverneur - Le luxe abordable! -<\/title>\n<meta name=\"description\" content=\"Inspir\u00e9es des plus belles r\u00e9sidences en Am\u00e9rique de Nord, les r\u00e9sidences Lux Gouverneur offrent des milieux de vie dignes des plus grands h\u00f4tels de luxe.\" \/>\n<meta name=\"robots\" content=\"index, follow, max-snippet:-1, max-image-preview:large, max-video-preview:-1\" \/>\n<link rel=\"canonical\" href=\"https:\/\/www.maresidenceretraite.ca\/blogue\/residences-lux-gouverneur\/\" \/>\n<meta property=\"og:locale\" content=\"fr_FR\" \/>\n<meta property=\"og:type\" content=\"article\" \/>\n<meta property=\"og:title\" content=\"R\u00e9sidences Lux Gouverneur - Le luxe abordable! -\" \/>\n<meta property=\"og:description\" content=\"Inspir\u00e9es des plus belles r\u00e9sidences en Am\u00e9rique de Nord, les r\u00e9sidences Lux Gouverneur offrent des milieux de vie dignes des plus grands h\u00f4tels de luxe.\" \/>\n<meta property=\"og:url\" content=\"https:\/\/www.maresidenceretraite.ca\/blogue\/residences-lux-gouverneur\/\" \/>\n<meta property=\"article:published_time\" content=\"2020-11-23T21:22:00+00:00\" \/>\n<meta property=\"article:modified_time\" content=\"2020-12-08T21:41:32+00:00\" \/>\n<meta property=\"og:image\" content=\"https:\/\/www.maresidenceretraite.ca\/blogue\/wp-content\/uploads\/2020\/10\/Lux_Gouverneur.jpg\" \/>\n\t<meta property=\"og:image:width\" content=\"1920\" \/>\n\t<meta property=\"og:image:height\" content=\"1080\" \/>\n\t<meta property=\"og:image:type\" content=\"image\/jpeg\" \/>\n<meta name=\"author\" content=\"chloe neron\" \/>\n<meta name=\"twitter:card\" content=\"summary_large_image\" \/>\n<meta name=\"twitter:label1\" content=\"Written by\" \/>\n\t<meta name=\"twitter:data1\" content=\"chloe neron\" \/>\n\t<meta name=\"twitter:label2\" content=\"Est. reading time\" \/>\n\t<meta name=\"twitter:data2\" content=\"3 minutes\" \/>\n<script type=\"application\/ld+json\" class=\"yoast-schema-graph\">{\"@context\":\"https:\\\/\\\/schema.org\",\"@graph\":[{\"@type\":\"Article\",\"@id\":\"https:\\\/\\\/www.maresidenceretraite.ca\\\/blogue\\\/residences-lux-gouverneur\\\/#article\",\"isPartOf\":{\"@id\":\"https:\\\/\\\/www.maresidenceretraite.ca\\\/blogue\\\/residences-lux-gouverneur\\\/\"},\"author\":{\"name\":\"chloe neron\",\"@id\":\"https:\\\/\\\/www.maresidenceretraite.ca\\\/blogue\\\/#\\\/schema\\\/person\\\/4d1aba0fd7390e224ed79b4d767af4a7\"},\"headline\":\"R\u00e9sidences Lux Gouverneur &#8211; Le luxe abordable!\",\"datePublished\":\"2020-11-23T21:22:00+00:00\",\"dateModified\":\"2020-12-08T21:41:32+00:00\",\"mainEntityOfPage\":{\"@id\":\"https:\\\/\\\/www.maresidenceretraite.ca\\\/blogue\\\/residences-lux-gouverneur\\\/\"},\"wordCount\":658,\"publisher\":{\"@id\":\"https:\\\/\\\/www.maresidenceretraite.ca\\\/blogue\\\/#organization\"},\"image\":{\"@id\":\"https:\\\/\\\/www.maresidenceretraite.ca\\\/blogue\\\/residences-lux-gouverneur\\\/#primaryimage\"},\"thumbnailUrl\":\"https:\\\/\\\/www.maresidenceretraite.ca\\\/blogue\\\/wp-content\\\/uploads\\\/2020\\\/10\\\/Lux_Gouverneur.jpg\",\"keywords\":[\"confort\",\"Lux Gouverneur\",\"luxe\",\"paix\",\"Qu\u00e9bec\",\"r\u00e9sidence\",\"retraite\",\"retrait\u00e9s\"],\"articleSection\":[\"VISITES DE R\u00c9SIDENCE\"],\"inLanguage\":\"fr-FR\"},{\"@type\":\"WebPage\",\"@id\":\"https:\\\/\\\/www.maresidenceretraite.ca\\\/blogue\\\/residences-lux-gouverneur\\\/\",\"url\":\"https:\\\/\\\/www.maresidenceretraite.ca\\\/blogue\\\/residences-lux-gouverneur\\\/\",\"name\":\"R\u00e9sidences Lux Gouverneur - Le luxe abordable! -\",\"isPartOf\":{\"@id\":\"https:\\\/\\\/www.maresidenceretraite.ca\\\/blogue\\\/#website\"},\"primaryImageOfPage\":{\"@id\":\"https:\\\/\\\/www.maresidenceretraite.ca\\\/blogue\\\/residences-lux-gouverneur\\\/#primaryimage\"},\"image\":{\"@id\":\"https:\\\/\\\/www.maresidenceretraite.ca\\\/blogue\\\/residences-lux-gouverneur\\\/#primaryimage\"},\"thumbnailUrl\":\"https:\\\/\\\/www.maresidenceretraite.ca\\\/blogue\\\/wp-content\\\/uploads\\\/2020\\\/10\\\/Lux_Gouverneur.jpg\",\"datePublished\":\"2020-11-23T21:22:00+00:00\",\"dateModified\":\"2020-12-08T21:41:32+00:00\",\"description\":\"Inspir\u00e9es des plus belles r\u00e9sidences en Am\u00e9rique de Nord, les r\u00e9sidences Lux Gouverneur offrent des milieux de vie dignes des plus grands h\u00f4tels de luxe.\",\"breadcrumb\":{\"@id\":\"https:\\\/\\\/www.maresidenceretraite.ca\\\/blogue\\\/residences-lux-gouverneur\\\/#breadcrumb\"},\"inLanguage\":\"fr-FR\",\"potentialAction\":[{\"@type\":\"ReadAction\",\"target\":[\"https:\\\/\\\/www.maresidenceretraite.ca\\\/blogue\\\/residences-lux-gouverneur\\\/\"]}]},{\"@type\":\"ImageObject\",\"inLanguage\":\"fr-FR\",\"@id\":\"https:\\\/\\\/www.maresidenceretraite.ca\\\/blogue\\\/residences-lux-gouverneur\\\/#primaryimage\",\"url\":\"https:\\\/\\\/www.maresidenceretraite.ca\\\/blogue\\\/wp-content\\\/uploads\\\/2020\\\/10\\\/Lux_Gouverneur.jpg\",\"contentUrl\":\"https:\\\/\\\/www.maresidenceretraite.ca\\\/blogue\\\/wp-content\\\/uploads\\\/2020\\\/10\\\/Lux_Gouverneur.jpg\",\"width\":1920,\"height\":1080,\"caption\":\"Lux Gouverneur b\u00e2timent Saguenay\"},{\"@type\":\"BreadcrumbList\",\"@id\":\"https:\\\/\\\/www.maresidenceretraite.ca\\\/blogue\\\/residences-lux-gouverneur\\\/#breadcrumb\",\"itemListElement\":[{\"@type\":\"ListItem\",\"position\":1,\"name\":\"Accueil\",\"item\":\"https:\\\/\\\/www.maresidenceretraite.ca\\\/blogue\\\/\"},{\"@type\":\"ListItem\",\"position\":2,\"name\":\"R\u00e9sidences Lux Gouverneur &#8211; Le luxe abordable!\"}]},{\"@type\":\"WebSite\",\"@id\":\"https:\\\/\\\/www.maresidenceretraite.ca\\\/blogue\\\/#website\",\"url\":\"https:\\\/\\\/www.maresidenceretraite.ca\\\/blogue\\\/\",\"name\":\"\",\"description\":\"Articles traitant de la retraite et des a\u00een\u00e9s.\",\"publisher\":{\"@id\":\"https:\\\/\\\/www.maresidenceretraite.ca\\\/blogue\\\/#organization\"},\"potentialAction\":[{\"@type\":\"SearchAction\",\"target\":{\"@type\":\"EntryPoint\",\"urlTemplate\":\"https:\\\/\\\/www.maresidenceretraite.ca\\\/blogue\\\/?s={search_term_string}\"},\"query-input\":{\"@type\":\"PropertyValueSpecification\",\"valueRequired\":true,\"valueName\":\"search_term_string\"}}],\"inLanguage\":\"fr-FR\"},{\"@type\":\"Organization\",\"@id\":\"https:\\\/\\\/www.maresidenceretraite.ca\\\/blogue\\\/#organization\",\"name\":\"SiLO Communication\",\"url\":\"https:\\\/\\\/www.maresidenceretraite.ca\\\/blogue\\\/\",\"logo\":{\"@type\":\"ImageObject\",\"inLanguage\":\"fr-FR\",\"@id\":\"https:\\\/\\\/www.maresidenceretraite.ca\\\/blogue\\\/#\\\/schema\\\/logo\\\/image\\\/\",\"url\":\"https:\\\/\\\/www.maresidenceretraite.ca\\\/blogue\\\/wp-content\\\/uploads\\\/2017\\\/07\\\/silo-logo-css.jpg\",\"contentUrl\":\"https:\\\/\\\/www.maresidenceretraite.ca\\\/blogue\\\/wp-content\\\/uploads\\\/2017\\\/07\\\/silo-logo-css.jpg\",\"width\":600,\"height\":400,\"caption\":\"SiLO Communication\"},\"image\":{\"@id\":\"https:\\\/\\\/www.maresidenceretraite.ca\\\/blogue\\\/#\\\/schema\\\/logo\\\/image\\\/\"}},{\"@type\":\"Person\",\"@id\":\"https:\\\/\\\/www.maresidenceretraite.ca\\\/blogue\\\/#\\\/schema\\\/person\\\/4d1aba0fd7390e224ed79b4d767af4a7\",\"name\":\"chloe neron\",\"image\":{\"@type\":\"ImageObject\",\"inLanguage\":\"fr-FR\",\"@id\":\"https:\\\/\\\/secure.gravatar.com\\\/avatar\\\/06014cde71ca8e86331ba5fb4bab3af285f37989968f003dd7e5794ca2230b5e?s=96&d=mm&r=g\",\"url\":\"https:\\\/\\\/secure.gravatar.com\\\/avatar\\\/06014cde71ca8e86331ba5fb4bab3af285f37989968f003dd7e5794ca2230b5e?s=96&d=mm&r=g\",\"contentUrl\":\"https:\\\/\\\/secure.gravatar.com\\\/avatar\\\/06014cde71ca8e86331ba5fb4bab3af285f37989968f003dd7e5794ca2230b5e?s=96&d=mm&r=g\",\"caption\":\"chloe neron\"},\"url\":\"https:\\\/\\\/www.maresidenceretraite.ca\\\/blogue\\\/author\\\/chloe_neron\\\/\"}]}<\/script>\n<!-- \/ Yoast SEO plugin. -->","yoast_head_json":{"title":"R\u00e9sidences Lux Gouverneur - Le luxe abordable! -","description":"Inspir\u00e9es des plus belles r\u00e9sidences en Am\u00e9rique de Nord, les r\u00e9sidences Lux Gouverneur offrent des milieux de vie dignes des plus grands h\u00f4tels de luxe.","robots":{"index":"index","follow":"follow","max-snippet":"max-snippet:-1","max-image-preview":"max-image-preview:large","max-video-preview":"max-video-preview:-1"},"canonical":"https:\/\/www.maresidenceretraite.ca\/blogue\/residences-lux-gouverneur\/","og_locale":"fr_FR","og_type":"article","og_title":"R\u00e9sidences Lux Gouverneur - Le luxe abordable! -","og_description":"Inspir\u00e9es des plus belles r\u00e9sidences en Am\u00e9rique de Nord, les r\u00e9sidences Lux Gouverneur offrent des milieux de vie dignes des plus grands h\u00f4tels de luxe.","og_url":"https:\/\/www.maresidenceretraite.ca\/blogue\/residences-lux-gouverneur\/","article_published_time":"2020-11-23T21:22:00+00:00","article_modified_time":"2020-12-08T21:41:32+00:00","og_image":[{"width":1920,"height":1080,"url":"https:\/\/www.maresidenceretraite.ca\/blogue\/wp-content\/uploads\/2020\/10\/Lux_Gouverneur.jpg","type":"image\/jpeg"}],"author":"chloe neron","twitter_card":"summary_large_image","twitter_misc":{"Written by":"chloe neron","Est. reading time":"3 minutes"},"schema":{"@context":"https:\/\/schema.org","@graph":[{"@type":"Article","@id":"https:\/\/www.maresidenceretraite.ca\/blogue\/residences-lux-gouverneur\/#article","isPartOf":{"@id":"https:\/\/www.maresidenceretraite.ca\/blogue\/residences-lux-gouverneur\/"},"author":{"name":"chloe neron","@id":"https:\/\/www.maresidenceretraite.ca\/blogue\/#\/schema\/person\/4d1aba0fd7390e224ed79b4d767af4a7"},"headline":"R\u00e9sidences Lux Gouverneur &#8211; Le luxe abordable!","datePublished":"2020-11-23T21:22:00+00:00","dateModified":"2020-12-08T21:41:32+00:00","mainEntityOfPage":{"@id":"https:\/\/www.maresidenceretraite.ca\/blogue\/residences-lux-gouverneur\/"},"wordCount":658,"publisher":{"@id":"https:\/\/www.maresidenceretraite.ca\/blogue\/#organization"},"image":{"@id":"https:\/\/www.maresidenceretraite.ca\/blogue\/residences-lux-gouverneur\/#primaryimage"},"thumbnailUrl":"https:\/\/www.maresidenceretraite.ca\/blogue\/wp-content\/uploads\/2020\/10\/Lux_Gouverneur.jpg","keywords":["confort","Lux Gouverneur","luxe","paix","Qu\u00e9bec","r\u00e9sidence","retraite","retrait\u00e9s"],"articleSection":["VISITES DE R\u00c9SIDENCE"],"inLanguage":"fr-FR"},{"@type":"WebPage","@id":"https:\/\/www.maresidenceretraite.ca\/blogue\/residences-lux-gouverneur\/","url":"https:\/\/www.maresidenceretraite.ca\/blogue\/residences-lux-gouverneur\/","name":"R\u00e9sidences Lux Gouverneur - Le luxe abordable! -","isPartOf":{"@id":"https:\/\/www.maresidenceretraite.ca\/blogue\/#website"},"primaryImageOfPage":{"@id":"https:\/\/www.maresidenceretraite.ca\/blogue\/residences-lux-gouverneur\/#primaryimage"},"image":{"@id":"https:\/\/www.maresidenceretraite.ca\/blogue\/residences-lux-gouverneur\/#primaryimage"},"thumbnailUrl":"https:\/\/www.maresidenceretraite.ca\/blogue\/wp-content\/uploads\/2020\/10\/Lux_Gouverneur.jpg","datePublished":"2020-11-23T21:22:00+00:00","dateModified":"2020-12-08T21:41:32+00:00","description":"Inspir\u00e9es des plus belles r\u00e9sidences en Am\u00e9rique de Nord, les r\u00e9sidences Lux Gouverneur offrent des milieux de vie dignes des plus grands h\u00f4tels de luxe.","breadcrumb":{"@id":"https:\/\/www.maresidenceretraite.ca\/blogue\/residences-lux-gouverneur\/#breadcrumb"},"inLanguage":"fr-FR","potentialAction":[{"@type":"ReadAction","target":["https:\/\/www.maresidenceretraite.ca\/blogue\/residences-lux-gouverneur\/"]}]},{"@type":"ImageObject","inLanguage":"fr-FR","@id":"https:\/\/www.maresidenceretraite.ca\/blogue\/residences-lux-gouverneur\/#primaryimage","url":"https:\/\/www.maresidenceretraite.ca\/blogue\/wp-content\/uploads\/2020\/10\/Lux_Gouverneur.jpg","contentUrl":"https:\/\/www.maresidenceretraite.ca\/blogue\/wp-content\/uploads\/2020\/10\/Lux_Gouverneur.jpg","width":1920,"height":1080,"caption":"Lux Gouverneur b\u00e2timent Saguenay"},{"@type":"BreadcrumbList","@id":"https:\/\/www.maresidenceretraite.ca\/blogue\/residences-lux-gouverneur\/#breadcrumb","itemListElement":[{"@type":"ListItem","position":1,"name":"Accueil","item":"https:\/\/www.maresidenceretraite.ca\/blogue\/"},{"@type":"ListItem","position":2,"name":"R\u00e9sidences Lux Gouverneur &#8211; Le luxe abordable!"}]},{"@type":"WebSite","@id":"https:\/\/www.maresidenceretraite.ca\/blogue\/#website","url":"https:\/\/www.maresidenceretraite.ca\/blogue\/","name":"","description":"Articles traitant de la retraite et des a\u00een\u00e9s.","publisher":{"@id":"https:\/\/www.maresidenceretraite.ca\/blogue\/#organization"},"potentialAction":[{"@type":"SearchAction","target":{"@type":"EntryPoint","urlTemplate":"https:\/\/www.maresidenceretraite.ca\/blogue\/?s={search_term_string}"},"query-input":{"@type":"PropertyValueSpecification","valueRequired":true,"valueName":"search_term_string"}}],"inLanguage":"fr-FR"},{"@type":"Organization","@id":"https:\/\/www.maresidenceretraite.ca\/blogue\/#organization","name":"SiLO Communication","url":"https:\/\/www.maresidenceretraite.ca\/blogue\/","logo":{"@type":"ImageObject","inLanguage":"fr-FR","@id":"https:\/\/www.maresidenceretraite.ca\/blogue\/#\/schema\/logo\/image\/","url":"https:\/\/www.maresidenceretraite.ca\/blogue\/wp-content\/uploads\/2017\/07\/silo-logo-css.jpg","contentUrl":"https:\/\/www.maresidenceretraite.ca\/blogue\/wp-content\/uploads\/2017\/07\/silo-logo-css.jpg","width":600,"height":400,"caption":"SiLO Communication"},"image":{"@id":"https:\/\/www.maresidenceretraite.ca\/blogue\/#\/schema\/logo\/image\/"}},{"@type":"Person","@id":"https:\/\/www.maresidenceretraite.ca\/blogue\/#\/schema\/person\/4d1aba0fd7390e224ed79b4d767af4a7","name":"chloe neron","image":{"@type":"ImageObject","inLanguage":"fr-FR","@id":"https:\/\/secure.gravatar.com\/avatar\/06014cde71ca8e86331ba5fb4bab3af285f37989968f003dd7e5794ca2230b5e?s=96&d=mm&r=g","url":"https:\/\/secure.gravatar.com\/avatar\/06014cde71ca8e86331ba5fb4bab3af285f37989968f003dd7e5794ca2230b5e?s=96&d=mm&r=g","contentUrl":"https:\/\/secure.gravatar.com\/avatar\/06014cde71ca8e86331ba5fb4bab3af285f37989968f003dd7e5794ca2230b5e?s=96&d=mm&r=g","caption":"chloe neron"},"url":"https:\/\/www.maresidenceretraite.ca\/blogue\/author\/chloe_neron\/"}]}},"_links":{"self":[{"href":"https:\/\/www.maresidenceretraite.ca\/blogue\/wp-json\/wp\/v2\/posts\/1147","targetHints":{"allow":["GET"]}}],"collection":[{"href":"https:\/\/www.maresidenceretraite.ca\/blogue\/wp-json\/wp\/v2\/posts"}],"about":[{"href":"https:\/\/www.maresidenceretraite.ca\/blogue\/wp-json\/wp\/v2\/types\/post"}],"author":[{"embeddable":true,"href":"https:\/\/www.maresidenceretraite.ca\/blogue\/wp-json\/wp\/v2\/users\/9"}],"replies":[{"embeddable":true,"href":"https:\/\/www.maresidenceretraite.ca\/blogue\/wp-json\/wp\/v2\/comments?post=1147"}],"version-history":[{"count":0,"href":"https:\/\/www.maresidenceretraite.ca\/blogue\/wp-json\/wp\/v2\/posts\/1147\/revisions"}],"wp:featuredmedia":[{"embeddable":true,"href":"https:\/\/www.maresidenceretraite.ca\/blogue\/wp-json\/wp\/v2\/media\/1167"}],"wp:attachment":[{"href":"https:\/\/www.maresidenceretraite.ca\/blogue\/wp-json\/wp\/v2\/media?parent=1147"}],"wp:term":[{"taxonomy":"category","embeddable":true,"href":"https:\/\/www.maresidenceretraite.ca\/blogue\/wp-json\/wp\/v2\/categories?post=1147"},{"taxonomy":"post_tag","embeddable":true,"href":"https:\/\/www.maresidenceretraite.ca\/blogue\/wp-json\/wp\/v2\/tags?post=1147"}],"curies":[{"name":"wp","href":"https:\/\/api.w.org\/{rel}","templated":true}]}}