{"id":1459,"date":"2021-12-22T10:34:51","date_gmt":"2021-12-22T15:34:51","guid":{"rendered":"https:\/\/www.maresidenceretraite.ca\/blogue\/?p=1459"},"modified":"2024-02-09T14:02:42","modified_gmt":"2024-02-09T19:02:42","slug":"train-therapeutique-aider-personnes-agees-pertes-cognitives","status":"publish","type":"post","link":"https:\/\/www.maresidenceretraite.ca\/blogue\/train-therapeutique-aider-personnes-agees-pertes-cognitives\/","title":{"rendered":"Un train th\u00e9rapeutique pour aider les a\u00een\u00e9s en pertes cognitives"},"content":{"rendered":"<p><strong>Une r\u00e9sidence pour a\u00een\u00e9s de Louiseville fait preuve d\u2019innovation et utilise la th\u00e9rapie du voyage pour aider les r\u00e9sidents atteints de troubles cognitifs comme la maladie d\u2019Alzheimer. Cette m\u00e9thode, unique \u00e0 la <a href=\"https:\/\/www.maresidenceretraite.ca\/villa-louiseville\/23502\/\" target=\"_blank\" rel=\"noopener noreferrer\">Villa Louiseville<\/a> au Qu\u00e9bec, s\u2019inspire de certains centres d\u2019h\u00e9bergement fran\u00e7ais qui l\u2019utilisent depuis 2012.<\/strong><\/p>\n<h2><img loading=\"lazy\" decoding=\"async\" class=\"alignleft size-full wp-image-1461\" src=\"https:\/\/www.maresidenceretraite.ca\/blogue\/wp-content\/uploads\/2021\/12\/train_therapeutique.jpg\" alt=\"\" width=\"1125\" height=\"664\" srcset=\"https:\/\/www.maresidenceretraite.ca\/blogue\/wp-content\/uploads\/2021\/12\/train_therapeutique.jpg 1125w, https:\/\/www.maresidenceretraite.ca\/blogue\/wp-content\/uploads\/2021\/12\/train_therapeutique-300x177.jpg 300w, https:\/\/www.maresidenceretraite.ca\/blogue\/wp-content\/uploads\/2021\/12\/train_therapeutique-768x453.jpg 768w, https:\/\/www.maresidenceretraite.ca\/blogue\/wp-content\/uploads\/2021\/12\/train_therapeutique-1024x604.jpg 1024w\" sizes=\"auto, (max-width: 1125px) 100vw, 1125px\" \/>Une immersion compl\u00e8te dans un train<\/h2>\n<p>Un train th\u00e9rapeutique am\u00e9nag\u00e9 dans la r\u00e9sidence permet de faire vivre un voyage fictif aux r\u00e9sidents. Un wagon a \u00e9t\u00e9 peint sur un mur et une pi\u00e8ce a \u00e9t\u00e9 am\u00e9nag\u00e9e pour recr\u00e9er le d\u00e9cor. \u00c0 l\u2019int\u00e9rieur, des sons de train sont diffus\u00e9s et un t\u00e9l\u00e9viseur rempla\u00e7ant la fen\u00eatre fait d\u00e9filer des paysages d\u2019Europe. Chaque d\u00e9tail, jusqu\u2019\u00e0 la couleur des si\u00e8ges et \u00e0 l\u2019aire d\u2019attente avec le banc et le lampadaire, est soigneusement pens\u00e9 afin d\u2019offrir une immersion compl\u00e8te aux r\u00e9sidents.<\/p>\n<p><img loading=\"lazy\" decoding=\"async\" class=\"alignleft size-full wp-image-1462\" src=\"https:\/\/www.maresidenceretraite.ca\/blogue\/wp-content\/uploads\/2021\/12\/train_villa_louiseville.jpg\" alt=\"\" width=\"1125\" height=\"664\" srcset=\"https:\/\/www.maresidenceretraite.ca\/blogue\/wp-content\/uploads\/2021\/12\/train_villa_louiseville.jpg 1125w, https:\/\/www.maresidenceretraite.ca\/blogue\/wp-content\/uploads\/2021\/12\/train_villa_louiseville-300x177.jpg 300w, https:\/\/www.maresidenceretraite.ca\/blogue\/wp-content\/uploads\/2021\/12\/train_villa_louiseville-768x453.jpg 768w, https:\/\/www.maresidenceretraite.ca\/blogue\/wp-content\/uploads\/2021\/12\/train_villa_louiseville-1024x604.jpg 1024w\" sizes=\"auto, (max-width: 1125px) 100vw, 1125px\" \/> <img loading=\"lazy\" decoding=\"async\" class=\"alignleft size-full wp-image-1460\" src=\"https:\/\/www.maresidenceretraite.ca\/blogue\/wp-content\/uploads\/2021\/12\/train_therapeutique_billetterie.jpg\" alt=\"\" width=\"1125\" height=\"664\" srcset=\"https:\/\/www.maresidenceretraite.ca\/blogue\/wp-content\/uploads\/2021\/12\/train_therapeutique_billetterie.jpg 1125w, https:\/\/www.maresidenceretraite.ca\/blogue\/wp-content\/uploads\/2021\/12\/train_therapeutique_billetterie-300x177.jpg 300w, https:\/\/www.maresidenceretraite.ca\/blogue\/wp-content\/uploads\/2021\/12\/train_therapeutique_billetterie-768x453.jpg 768w, https:\/\/www.maresidenceretraite.ca\/blogue\/wp-content\/uploads\/2021\/12\/train_therapeutique_billetterie-1024x604.jpg 1024w\" sizes=\"auto, (max-width: 1125px) 100vw, 1125px\" \/><\/p>\n<h2>Des b\u00e9n\u00e9fices consid\u00e9rables<\/h2>\n<p>Un simple tour de train permet de calmer les r\u00e9sidents en pertes cognitives qui peuvent \u00eatre d\u00e9sorient\u00e9s, angoiss\u00e9s, agressifs ou avoir le go\u00fbt de prendre la fuite. La th\u00e9rapie du voyage permet d\u2019abaisser le niveau de stress tout en diminuant les troubles comportementaux. C\u2019est \u00e9galement un moment propice pour cr\u00e9er un dialogue entre les r\u00e9sidents et les employ\u00e9s qui passent un moment ensemble dans le wagon.<\/p>\n<p>\u00ab La th\u00e9rapie du voyage par train pr\u00e9vient les troubles comportementaux et favorise le partage d\u2019\u00e9motions et de souvenirs. Donc, on va dire \u00e0 la personne qu\u2019on va aller faire une balade en train, on va aller visiter tel endroit. On l\u2019assoit, on jase avec la personne, on voit le paysage. \u00c7a change les id\u00e9es et \u00e7a am\u00e8ne un effet d\u2019apaisement \u00bb, mentionne Joanie No\u00ebl, responsable des pr\u00e9pos\u00e9es et des pr\u00e9pos\u00e9s \u00e0 la Villa Louiseville.<\/p>\n<p>L\u2019installation de ce train th\u00e9rapeutique a n\u00e9cessit\u00e9 plus de 10&nbsp;000$ d&rsquo;investissement. Cet outil apporte non seulement de nombreux b\u00e9n\u00e9fices aux r\u00e9sidents, mais aussi aux employ\u00e9s qui peuvent apporter des soins de fa\u00e7on plus efficace aux a\u00een\u00e9s. La r\u00e9sidence souhaite maintenant acqu\u00e9rir une banque de plusieurs vid\u00e9os d&rsquo;endroits diff\u00e9rents dans le monde pour que les r\u00e9sidents puissent choisir leur voyage: une belle initiative qui ravivera le c\u0153ur de plusieurs! <a href=\"https:\/\/www.maresidenceretraite.ca\/assistance-soins\/residences-pour-retraite\/\" target=\"_blank\" rel=\"noopener noreferrer\"><strong>D\u00e9couvrez ici une liste exhaustive<\/strong><\/a> de toutes les grandes r\u00e9sidences pour a\u00een\u00e9s qui offrent des services pour les a\u00een\u00e9s atteints de la maladie d&rsquo;Alzheimer ou&nbsp;de pertes cognitives.<\/p>\n","protected":false},"excerpt":{"rendered":"<p>Une r\u00e9sidence pour a\u00een\u00e9s de Louiseville fait preuve d\u2019innovation et utilise la th\u00e9rapie du voyage pour aider les r\u00e9sidents atteints de troubles cognitifs comme la maladie d\u2019Alzheimer. Cette m\u00e9thode, unique \u00e0 la Villa Louiseville au Qu\u00e9bec, s\u2019inspire de certains centres d\u2019h\u00e9bergement fran\u00e7ais qui l\u2019utilisent depuis 2012. Une immersion compl\u00e8te dans un train Un train th\u00e9rapeutique [&hellip;]<\/p>\n","protected":false},"author":9,"featured_media":1463,"comment_status":"closed","ping_status":"closed","sticky":false,"template":"","format":"standard","meta":{"footnotes":""},"categories":[12],"tags":[44,59,62,60,61,63],"class_list":["post-1459","post","type-post","status-publish","format-standard","has-post-thumbnail","hentry","category-vivre-en-sante","tag-louiseville","tag-ma-residence-retraite","tag-therapie-du-voyage","tag-train","tag-train-therapeutique","tag-villa-louiseville"],"yoast_head":"<!-- This site is optimized with the Yoast SEO plugin v27.4 - https:\/\/yoast.com\/product\/yoast-seo-wordpress\/ -->\n<title>Un train th\u00e9rapeutique pour aider les a\u00een\u00e9s en pertes cognitives -<\/title>\n<meta name=\"description\" content=\"Une r\u00e9sidence pour a\u00een\u00e9s de Louiseville fait preuve d\u2019innovation et utilise la th\u00e9rapie du voyage pour aider les r\u00e9sidents atteints de troubles cognitifs.\" \/>\n<meta name=\"robots\" content=\"index, follow, max-snippet:-1, max-image-preview:large, max-video-preview:-1\" \/>\n<link rel=\"canonical\" href=\"https:\/\/www.maresidenceretraite.ca\/blogue\/train-therapeutique-aider-personnes-agees-pertes-cognitives\/\" \/>\n<meta property=\"og:locale\" content=\"fr_FR\" \/>\n<meta property=\"og:type\" content=\"article\" \/>\n<meta property=\"og:title\" content=\"Un train th\u00e9rapeutique pour aider les a\u00een\u00e9s en pertes cognitives -\" \/>\n<meta property=\"og:description\" content=\"Une r\u00e9sidence pour a\u00een\u00e9s de Louiseville fait preuve d\u2019innovation et utilise la th\u00e9rapie du voyage pour aider les r\u00e9sidents atteints de troubles cognitifs.\" \/>\n<meta property=\"og:url\" content=\"https:\/\/www.maresidenceretraite.ca\/blogue\/train-therapeutique-aider-personnes-agees-pertes-cognitives\/\" \/>\n<meta property=\"article:published_time\" content=\"2021-12-22T15:34:51+00:00\" \/>\n<meta property=\"article:modified_time\" content=\"2024-02-09T19:02:42+00:00\" \/>\n<meta property=\"og:image\" content=\"https:\/\/www.maresidenceretraite.ca\/blogue\/wp-content\/uploads\/2021\/12\/villa_louiseville_train.jpg\" \/>\n\t<meta property=\"og:image:width\" content=\"1125\" \/>\n\t<meta property=\"og:image:height\" content=\"664\" \/>\n\t<meta property=\"og:image:type\" content=\"image\/jpeg\" \/>\n<meta name=\"author\" content=\"chloe neron\" \/>\n<meta name=\"twitter:card\" content=\"summary_large_image\" \/>\n<meta name=\"twitter:label1\" content=\"Written by\" \/>\n\t<meta name=\"twitter:data1\" content=\"chloe neron\" \/>\n\t<meta name=\"twitter:label2\" content=\"Est. reading time\" \/>\n\t<meta name=\"twitter:data2\" content=\"3 minutes\" \/>\n<script type=\"application\/ld+json\" class=\"yoast-schema-graph\">{\"@context\":\"https:\\\/\\\/schema.org\",\"@graph\":[{\"@type\":\"Article\",\"@id\":\"https:\\\/\\\/www.maresidenceretraite.ca\\\/blogue\\\/train-therapeutique-aider-personnes-agees-pertes-cognitives\\\/#article\",\"isPartOf\":{\"@id\":\"https:\\\/\\\/www.maresidenceretraite.ca\\\/blogue\\\/train-therapeutique-aider-personnes-agees-pertes-cognitives\\\/\"},\"author\":{\"name\":\"chloe neron\",\"@id\":\"https:\\\/\\\/www.maresidenceretraite.ca\\\/blogue\\\/#\\\/schema\\\/person\\\/4d1aba0fd7390e224ed79b4d767af4a7\"},\"headline\":\"Un train th\u00e9rapeutique pour aider les a\u00een\u00e9s en pertes cognitives\",\"datePublished\":\"2021-12-22T15:34:51+00:00\",\"dateModified\":\"2024-02-09T19:02:42+00:00\",\"mainEntityOfPage\":{\"@id\":\"https:\\\/\\\/www.maresidenceretraite.ca\\\/blogue\\\/train-therapeutique-aider-personnes-agees-pertes-cognitives\\\/\"},\"wordCount\":467,\"publisher\":{\"@id\":\"https:\\\/\\\/www.maresidenceretraite.ca\\\/blogue\\\/#organization\"},\"image\":{\"@id\":\"https:\\\/\\\/www.maresidenceretraite.ca\\\/blogue\\\/train-therapeutique-aider-personnes-agees-pertes-cognitives\\\/#primaryimage\"},\"thumbnailUrl\":\"https:\\\/\\\/www.maresidenceretraite.ca\\\/blogue\\\/wp-content\\\/uploads\\\/2021\\\/12\\\/villa_louiseville_train.jpg\",\"keywords\":[\"louiseville\",\"ma r\u00e9sidence retraite\",\"th\u00e9rapie du voyage\",\"train\",\"train th\u00e9rapeutique\",\"Villa Louiseville\"],\"articleSection\":[\"SANT\u00c9\"],\"inLanguage\":\"fr-FR\"},{\"@type\":\"WebPage\",\"@id\":\"https:\\\/\\\/www.maresidenceretraite.ca\\\/blogue\\\/train-therapeutique-aider-personnes-agees-pertes-cognitives\\\/\",\"url\":\"https:\\\/\\\/www.maresidenceretraite.ca\\\/blogue\\\/train-therapeutique-aider-personnes-agees-pertes-cognitives\\\/\",\"name\":\"Un train th\u00e9rapeutique pour aider les a\u00een\u00e9s en pertes cognitives -\",\"isPartOf\":{\"@id\":\"https:\\\/\\\/www.maresidenceretraite.ca\\\/blogue\\\/#website\"},\"primaryImageOfPage\":{\"@id\":\"https:\\\/\\\/www.maresidenceretraite.ca\\\/blogue\\\/train-therapeutique-aider-personnes-agees-pertes-cognitives\\\/#primaryimage\"},\"image\":{\"@id\":\"https:\\\/\\\/www.maresidenceretraite.ca\\\/blogue\\\/train-therapeutique-aider-personnes-agees-pertes-cognitives\\\/#primaryimage\"},\"thumbnailUrl\":\"https:\\\/\\\/www.maresidenceretraite.ca\\\/blogue\\\/wp-content\\\/uploads\\\/2021\\\/12\\\/villa_louiseville_train.jpg\",\"datePublished\":\"2021-12-22T15:34:51+00:00\",\"dateModified\":\"2024-02-09T19:02:42+00:00\",\"description\":\"Une r\u00e9sidence pour a\u00een\u00e9s de Louiseville fait preuve d\u2019innovation et utilise la th\u00e9rapie du voyage pour aider les r\u00e9sidents atteints de troubles cognitifs.\",\"breadcrumb\":{\"@id\":\"https:\\\/\\\/www.maresidenceretraite.ca\\\/blogue\\\/train-therapeutique-aider-personnes-agees-pertes-cognitives\\\/#breadcrumb\"},\"inLanguage\":\"fr-FR\",\"potentialAction\":[{\"@type\":\"ReadAction\",\"target\":[\"https:\\\/\\\/www.maresidenceretraite.ca\\\/blogue\\\/train-therapeutique-aider-personnes-agees-pertes-cognitives\\\/\"]}]},{\"@type\":\"ImageObject\",\"inLanguage\":\"fr-FR\",\"@id\":\"https:\\\/\\\/www.maresidenceretraite.ca\\\/blogue\\\/train-therapeutique-aider-personnes-agees-pertes-cognitives\\\/#primaryimage\",\"url\":\"https:\\\/\\\/www.maresidenceretraite.ca\\\/blogue\\\/wp-content\\\/uploads\\\/2021\\\/12\\\/villa_louiseville_train.jpg\",\"contentUrl\":\"https:\\\/\\\/www.maresidenceretraite.ca\\\/blogue\\\/wp-content\\\/uploads\\\/2021\\\/12\\\/villa_louiseville_train.jpg\",\"width\":1125,\"height\":664},{\"@type\":\"BreadcrumbList\",\"@id\":\"https:\\\/\\\/www.maresidenceretraite.ca\\\/blogue\\\/train-therapeutique-aider-personnes-agees-pertes-cognitives\\\/#breadcrumb\",\"itemListElement\":[{\"@type\":\"ListItem\",\"position\":1,\"name\":\"Accueil\",\"item\":\"https:\\\/\\\/www.maresidenceretraite.ca\\\/blogue\\\/\"},{\"@type\":\"ListItem\",\"position\":2,\"name\":\"Un train th\u00e9rapeutique pour aider les a\u00een\u00e9s en pertes cognitives\"}]},{\"@type\":\"WebSite\",\"@id\":\"https:\\\/\\\/www.maresidenceretraite.ca\\\/blogue\\\/#website\",\"url\":\"https:\\\/\\\/www.maresidenceretraite.ca\\\/blogue\\\/\",\"name\":\"\",\"description\":\"Articles traitant de la retraite et des a\u00een\u00e9s.\",\"publisher\":{\"@id\":\"https:\\\/\\\/www.maresidenceretraite.ca\\\/blogue\\\/#organization\"},\"potentialAction\":[{\"@type\":\"SearchAction\",\"target\":{\"@type\":\"EntryPoint\",\"urlTemplate\":\"https:\\\/\\\/www.maresidenceretraite.ca\\\/blogue\\\/?s={search_term_string}\"},\"query-input\":{\"@type\":\"PropertyValueSpecification\",\"valueRequired\":true,\"valueName\":\"search_term_string\"}}],\"inLanguage\":\"fr-FR\"},{\"@type\":\"Organization\",\"@id\":\"https:\\\/\\\/www.maresidenceretraite.ca\\\/blogue\\\/#organization\",\"name\":\"SiLO Communication\",\"url\":\"https:\\\/\\\/www.maresidenceretraite.ca\\\/blogue\\\/\",\"logo\":{\"@type\":\"ImageObject\",\"inLanguage\":\"fr-FR\",\"@id\":\"https:\\\/\\\/www.maresidenceretraite.ca\\\/blogue\\\/#\\\/schema\\\/logo\\\/image\\\/\",\"url\":\"https:\\\/\\\/www.maresidenceretraite.ca\\\/blogue\\\/wp-content\\\/uploads\\\/2017\\\/07\\\/silo-logo-css.jpg\",\"contentUrl\":\"https:\\\/\\\/www.maresidenceretraite.ca\\\/blogue\\\/wp-content\\\/uploads\\\/2017\\\/07\\\/silo-logo-css.jpg\",\"width\":600,\"height\":400,\"caption\":\"SiLO Communication\"},\"image\":{\"@id\":\"https:\\\/\\\/www.maresidenceretraite.ca\\\/blogue\\\/#\\\/schema\\\/logo\\\/image\\\/\"}},{\"@type\":\"Person\",\"@id\":\"https:\\\/\\\/www.maresidenceretraite.ca\\\/blogue\\\/#\\\/schema\\\/person\\\/4d1aba0fd7390e224ed79b4d767af4a7\",\"name\":\"chloe neron\",\"image\":{\"@type\":\"ImageObject\",\"inLanguage\":\"fr-FR\",\"@id\":\"https:\\\/\\\/secure.gravatar.com\\\/avatar\\\/06014cde71ca8e86331ba5fb4bab3af285f37989968f003dd7e5794ca2230b5e?s=96&d=mm&r=g\",\"url\":\"https:\\\/\\\/secure.gravatar.com\\\/avatar\\\/06014cde71ca8e86331ba5fb4bab3af285f37989968f003dd7e5794ca2230b5e?s=96&d=mm&r=g\",\"contentUrl\":\"https:\\\/\\\/secure.gravatar.com\\\/avatar\\\/06014cde71ca8e86331ba5fb4bab3af285f37989968f003dd7e5794ca2230b5e?s=96&d=mm&r=g\",\"caption\":\"chloe neron\"},\"url\":\"https:\\\/\\\/www.maresidenceretraite.ca\\\/blogue\\\/author\\\/chloe_neron\\\/\"}]}<\/script>\n<!-- \/ Yoast SEO plugin. -->","yoast_head_json":{"title":"Un train th\u00e9rapeutique pour aider les a\u00een\u00e9s en pertes cognitives -","description":"Une r\u00e9sidence pour a\u00een\u00e9s de Louiseville fait preuve d\u2019innovation et utilise la th\u00e9rapie du voyage pour aider les r\u00e9sidents atteints de troubles cognitifs.","robots":{"index":"index","follow":"follow","max-snippet":"max-snippet:-1","max-image-preview":"max-image-preview:large","max-video-preview":"max-video-preview:-1"},"canonical":"https:\/\/www.maresidenceretraite.ca\/blogue\/train-therapeutique-aider-personnes-agees-pertes-cognitives\/","og_locale":"fr_FR","og_type":"article","og_title":"Un train th\u00e9rapeutique pour aider les a\u00een\u00e9s en pertes cognitives -","og_description":"Une r\u00e9sidence pour a\u00een\u00e9s de Louiseville fait preuve d\u2019innovation et utilise la th\u00e9rapie du voyage pour aider les r\u00e9sidents atteints de troubles cognitifs.","og_url":"https:\/\/www.maresidenceretraite.ca\/blogue\/train-therapeutique-aider-personnes-agees-pertes-cognitives\/","article_published_time":"2021-12-22T15:34:51+00:00","article_modified_time":"2024-02-09T19:02:42+00:00","og_image":[{"width":1125,"height":664,"url":"https:\/\/www.maresidenceretraite.ca\/blogue\/wp-content\/uploads\/2021\/12\/villa_louiseville_train.jpg","type":"image\/jpeg"}],"author":"chloe neron","twitter_card":"summary_large_image","twitter_misc":{"Written by":"chloe neron","Est. reading time":"3 minutes"},"schema":{"@context":"https:\/\/schema.org","@graph":[{"@type":"Article","@id":"https:\/\/www.maresidenceretraite.ca\/blogue\/train-therapeutique-aider-personnes-agees-pertes-cognitives\/#article","isPartOf":{"@id":"https:\/\/www.maresidenceretraite.ca\/blogue\/train-therapeutique-aider-personnes-agees-pertes-cognitives\/"},"author":{"name":"chloe neron","@id":"https:\/\/www.maresidenceretraite.ca\/blogue\/#\/schema\/person\/4d1aba0fd7390e224ed79b4d767af4a7"},"headline":"Un train th\u00e9rapeutique pour aider les a\u00een\u00e9s en pertes cognitives","datePublished":"2021-12-22T15:34:51+00:00","dateModified":"2024-02-09T19:02:42+00:00","mainEntityOfPage":{"@id":"https:\/\/www.maresidenceretraite.ca\/blogue\/train-therapeutique-aider-personnes-agees-pertes-cognitives\/"},"wordCount":467,"publisher":{"@id":"https:\/\/www.maresidenceretraite.ca\/blogue\/#organization"},"image":{"@id":"https:\/\/www.maresidenceretraite.ca\/blogue\/train-therapeutique-aider-personnes-agees-pertes-cognitives\/#primaryimage"},"thumbnailUrl":"https:\/\/www.maresidenceretraite.ca\/blogue\/wp-content\/uploads\/2021\/12\/villa_louiseville_train.jpg","keywords":["louiseville","ma r\u00e9sidence retraite","th\u00e9rapie du voyage","train","train th\u00e9rapeutique","Villa Louiseville"],"articleSection":["SANT\u00c9"],"inLanguage":"fr-FR"},{"@type":"WebPage","@id":"https:\/\/www.maresidenceretraite.ca\/blogue\/train-therapeutique-aider-personnes-agees-pertes-cognitives\/","url":"https:\/\/www.maresidenceretraite.ca\/blogue\/train-therapeutique-aider-personnes-agees-pertes-cognitives\/","name":"Un train th\u00e9rapeutique pour aider les a\u00een\u00e9s en pertes cognitives -","isPartOf":{"@id":"https:\/\/www.maresidenceretraite.ca\/blogue\/#website"},"primaryImageOfPage":{"@id":"https:\/\/www.maresidenceretraite.ca\/blogue\/train-therapeutique-aider-personnes-agees-pertes-cognitives\/#primaryimage"},"image":{"@id":"https:\/\/www.maresidenceretraite.ca\/blogue\/train-therapeutique-aider-personnes-agees-pertes-cognitives\/#primaryimage"},"thumbnailUrl":"https:\/\/www.maresidenceretraite.ca\/blogue\/wp-content\/uploads\/2021\/12\/villa_louiseville_train.jpg","datePublished":"2021-12-22T15:34:51+00:00","dateModified":"2024-02-09T19:02:42+00:00","description":"Une r\u00e9sidence pour a\u00een\u00e9s de Louiseville fait preuve d\u2019innovation et utilise la th\u00e9rapie du voyage pour aider les r\u00e9sidents atteints de troubles cognitifs.","breadcrumb":{"@id":"https:\/\/www.maresidenceretraite.ca\/blogue\/train-therapeutique-aider-personnes-agees-pertes-cognitives\/#breadcrumb"},"inLanguage":"fr-FR","potentialAction":[{"@type":"ReadAction","target":["https:\/\/www.maresidenceretraite.ca\/blogue\/train-therapeutique-aider-personnes-agees-pertes-cognitives\/"]}]},{"@type":"ImageObject","inLanguage":"fr-FR","@id":"https:\/\/www.maresidenceretraite.ca\/blogue\/train-therapeutique-aider-personnes-agees-pertes-cognitives\/#primaryimage","url":"https:\/\/www.maresidenceretraite.ca\/blogue\/wp-content\/uploads\/2021\/12\/villa_louiseville_train.jpg","contentUrl":"https:\/\/www.maresidenceretraite.ca\/blogue\/wp-content\/uploads\/2021\/12\/villa_louiseville_train.jpg","width":1125,"height":664},{"@type":"BreadcrumbList","@id":"https:\/\/www.maresidenceretraite.ca\/blogue\/train-therapeutique-aider-personnes-agees-pertes-cognitives\/#breadcrumb","itemListElement":[{"@type":"ListItem","position":1,"name":"Accueil","item":"https:\/\/www.maresidenceretraite.ca\/blogue\/"},{"@type":"ListItem","position":2,"name":"Un train th\u00e9rapeutique pour aider les a\u00een\u00e9s en pertes cognitives"}]},{"@type":"WebSite","@id":"https:\/\/www.maresidenceretraite.ca\/blogue\/#website","url":"https:\/\/www.maresidenceretraite.ca\/blogue\/","name":"","description":"Articles traitant de la retraite et des a\u00een\u00e9s.","publisher":{"@id":"https:\/\/www.maresidenceretraite.ca\/blogue\/#organization"},"potentialAction":[{"@type":"SearchAction","target":{"@type":"EntryPoint","urlTemplate":"https:\/\/www.maresidenceretraite.ca\/blogue\/?s={search_term_string}"},"query-input":{"@type":"PropertyValueSpecification","valueRequired":true,"valueName":"search_term_string"}}],"inLanguage":"fr-FR"},{"@type":"Organization","@id":"https:\/\/www.maresidenceretraite.ca\/blogue\/#organization","name":"SiLO Communication","url":"https:\/\/www.maresidenceretraite.ca\/blogue\/","logo":{"@type":"ImageObject","inLanguage":"fr-FR","@id":"https:\/\/www.maresidenceretraite.ca\/blogue\/#\/schema\/logo\/image\/","url":"https:\/\/www.maresidenceretraite.ca\/blogue\/wp-content\/uploads\/2017\/07\/silo-logo-css.jpg","contentUrl":"https:\/\/www.maresidenceretraite.ca\/blogue\/wp-content\/uploads\/2017\/07\/silo-logo-css.jpg","width":600,"height":400,"caption":"SiLO Communication"},"image":{"@id":"https:\/\/www.maresidenceretraite.ca\/blogue\/#\/schema\/logo\/image\/"}},{"@type":"Person","@id":"https:\/\/www.maresidenceretraite.ca\/blogue\/#\/schema\/person\/4d1aba0fd7390e224ed79b4d767af4a7","name":"chloe neron","image":{"@type":"ImageObject","inLanguage":"fr-FR","@id":"https:\/\/secure.gravatar.com\/avatar\/06014cde71ca8e86331ba5fb4bab3af285f37989968f003dd7e5794ca2230b5e?s=96&d=mm&r=g","url":"https:\/\/secure.gravatar.com\/avatar\/06014cde71ca8e86331ba5fb4bab3af285f37989968f003dd7e5794ca2230b5e?s=96&d=mm&r=g","contentUrl":"https:\/\/secure.gravatar.com\/avatar\/06014cde71ca8e86331ba5fb4bab3af285f37989968f003dd7e5794ca2230b5e?s=96&d=mm&r=g","caption":"chloe neron"},"url":"https:\/\/www.maresidenceretraite.ca\/blogue\/author\/chloe_neron\/"}]}},"_links":{"self":[{"href":"https:\/\/www.maresidenceretraite.ca\/blogue\/wp-json\/wp\/v2\/posts\/1459","targetHints":{"allow":["GET"]}}],"collection":[{"href":"https:\/\/www.maresidenceretraite.ca\/blogue\/wp-json\/wp\/v2\/posts"}],"about":[{"href":"https:\/\/www.maresidenceretraite.ca\/blogue\/wp-json\/wp\/v2\/types\/post"}],"author":[{"embeddable":true,"href":"https:\/\/www.maresidenceretraite.ca\/blogue\/wp-json\/wp\/v2\/users\/9"}],"replies":[{"embeddable":true,"href":"https:\/\/www.maresidenceretraite.ca\/blogue\/wp-json\/wp\/v2\/comments?post=1459"}],"version-history":[{"count":1,"href":"https:\/\/www.maresidenceretraite.ca\/blogue\/wp-json\/wp\/v2\/posts\/1459\/revisions"}],"predecessor-version":[{"id":2027,"href":"https:\/\/www.maresidenceretraite.ca\/blogue\/wp-json\/wp\/v2\/posts\/1459\/revisions\/2027"}],"wp:featuredmedia":[{"embeddable":true,"href":"https:\/\/www.maresidenceretraite.ca\/blogue\/wp-json\/wp\/v2\/media\/1463"}],"wp:attachment":[{"href":"https:\/\/www.maresidenceretraite.ca\/blogue\/wp-json\/wp\/v2\/media?parent=1459"}],"wp:term":[{"taxonomy":"category","embeddable":true,"href":"https:\/\/www.maresidenceretraite.ca\/blogue\/wp-json\/wp\/v2\/categories?post=1459"},{"taxonomy":"post_tag","embeddable":true,"href":"https:\/\/www.maresidenceretraite.ca\/blogue\/wp-json\/wp\/v2\/tags?post=1459"}],"curies":[{"name":"wp","href":"https:\/\/api.w.org\/{rel}","templated":true}]}}