{"id":1520,"date":"2022-03-25T11:41:06","date_gmt":"2022-03-25T16:41:06","guid":{"rendered":"https:\/\/www.maresidenceretraite.ca\/blogue\/?p=1520"},"modified":"2025-09-18T15:45:31","modified_gmt":"2025-09-18T19:45:31","slug":"5-villes-ou-il-fait-bon-vivre-sa-retraite","status":"publish","type":"post","link":"https:\/\/www.maresidenceretraite.ca\/blogue\/5-villes-ou-il-fait-bon-vivre-sa-retraite\/","title":{"rendered":"5 villes qu\u00e9b\u00e9coises o\u00f9 il fait bon vivre sa retraite"},"content":{"rendered":"<p><strong>La retraite incite parfois les gens \u00e0 plier bagage et \u00e0 se trouver un havre de paix o\u00f9 profiter de ce moment. Dans la belle province de Qu\u00e9bec, il y a plusieurs villes appr\u00e9ci\u00e9es pour leurs paysages enchanteurs caract\u00e9ris\u00e9s par les montagnes, les for\u00eats ou les vues maritimes. Certaines renferment les bribes d&rsquo;une riche histoire et offrent une architecture \u00e0 couper le souffle en plus d&rsquo;une vie culturelle tr\u00e9pidante. Afin de vous aider \u00e0 trouver votre coin de paradis, voici<\/strong><strong>\u00a0le top 5 des villes qu\u00e9b\u00e9coises o\u00f9 il fait bon vivre sa retraite.\u00a0<\/strong><\/p>\n<h2>1. Saint-Bruno-de-Montarville<\/h2>\n<p><img loading=\"lazy\" decoding=\"async\" class=\"alignleft size-full wp-image-1529\" src=\"https:\/\/www.maresidenceretraite.ca\/blogue\/wp-content\/uploads\/2022\/03\/mont_st_bruno.jpg\" alt=\"\" width=\"1125\" height=\"664\" srcset=\"https:\/\/www.maresidenceretraite.ca\/blogue\/wp-content\/uploads\/2022\/03\/mont_st_bruno.jpg 1125w, https:\/\/www.maresidenceretraite.ca\/blogue\/wp-content\/uploads\/2022\/03\/mont_st_bruno-300x177.jpg 300w, https:\/\/www.maresidenceretraite.ca\/blogue\/wp-content\/uploads\/2022\/03\/mont_st_bruno-768x453.jpg 768w, https:\/\/www.maresidenceretraite.ca\/blogue\/wp-content\/uploads\/2022\/03\/mont_st_bruno-1024x604.jpg 1024w\" sizes=\"auto, (max-width: 1125px) 100vw, 1125px\" \/><\/p>\n<p><img loading=\"lazy\" decoding=\"async\" class=\"https:\/\/www.maresidenceretraite.ca\/le-jazz-st-bruno\/23505\/ alignleft wp-image-1526 size-full\" title=\"https:\/\/www.maresidenceretraite.ca\/le-jazz-st-bruno\/23505\/\" src=\"https:\/\/www.maresidenceretraite.ca\/blogue\/wp-content\/uploads\/2022\/03\/jazz_st_bruno.jpg\" alt=\"R\u00e9sidence le Jazz St-Bruno\" width=\"1125\" height=\"664\" srcset=\"https:\/\/www.maresidenceretraite.ca\/blogue\/wp-content\/uploads\/2022\/03\/jazz_st_bruno.jpg 1125w, https:\/\/www.maresidenceretraite.ca\/blogue\/wp-content\/uploads\/2022\/03\/jazz_st_bruno-300x177.jpg 300w, https:\/\/www.maresidenceretraite.ca\/blogue\/wp-content\/uploads\/2022\/03\/jazz_st_bruno-768x453.jpg 768w, https:\/\/www.maresidenceretraite.ca\/blogue\/wp-content\/uploads\/2022\/03\/jazz_st_bruno-1024x604.jpg 1024w\" sizes=\"auto, (max-width: 1125px) 100vw, 1125px\" \/>Saint-Bruno-de-Montarville est une ville \u00e0 dimension humaine entour\u00e9e d\u2019une nature fleurissante. Ce n\u2019est pas pour rien qu\u2019elle se retrouve en haut de la plupart des palmar\u00e8s des villes o\u00f9 il fait bon vivre au Canada! Sa qualit\u00e9 de vie exceptionnelle s\u2019explique, entre autres, par ses nombreuses activit\u00e9s et installations sportives telles que le magnifique parc national du Mont-Saint-Bruno et un r\u00e9seau cyclable de 23 kilom\u00e8tres. Mais ce n\u2019est pas tout, la ville compte \u00e9galement de nombreux march\u00e9s et un centre-ville anim\u00e9 o\u00f9 de multiples concerts, expositions et festivals y sont pr\u00e9sent\u00e9s tout au long de l&rsquo;ann\u00e9e. Saint-Bruno-de-Montarville est assur\u00e9ment un lieu de retraite paisible, mais vivant o\u00f9 la culture est c\u00e9l\u00e9br\u00e9e quotidiennement. <a href=\"https:\/\/www.maresidenceretraite.ca\/monteregie-rive-sud\/saint-bruno-de-montarville\/residences-pour-retraite\/\" target=\"_blank\" rel=\"noopener noreferrer\"><strong>Cliquez ici pour voir toutes les r\u00e9sidences pour a\u00een\u00e9s situ\u00e9es \u00e0 Saint-Bruno-de-Montarville.\u00a0<\/strong><\/a><\/p>\n<h2>2. Joliette<\/h2>\n<p><img loading=\"lazy\" decoding=\"async\" class=\"alignleft size-full wp-image-1533\" src=\"https:\/\/www.maresidenceretraite.ca\/blogue\/wp-content\/uploads\/2022\/03\/joliette.jpg\" alt=\"\" width=\"1125\" height=\"664\" srcset=\"https:\/\/www.maresidenceretraite.ca\/blogue\/wp-content\/uploads\/2022\/03\/joliette.jpg 1125w, https:\/\/www.maresidenceretraite.ca\/blogue\/wp-content\/uploads\/2022\/03\/joliette-300x177.jpg 300w, https:\/\/www.maresidenceretraite.ca\/blogue\/wp-content\/uploads\/2022\/03\/joliette-768x453.jpg 768w, https:\/\/www.maresidenceretraite.ca\/blogue\/wp-content\/uploads\/2022\/03\/joliette-1024x604.jpg 1024w\" sizes=\"auto, (max-width: 1125px) 100vw, 1125px\" \/><\/p>\n<p>Joliette est l\u2019une des villes les plus populaires o\u00f9 prendre sa retraite. Et pour cause! Soucieuse du bonheur de ses r\u00e9sidents, la ville a mis en place une Politique int\u00e9gr\u00e9e des familles et des a\u00een\u00e9s. Celle-ci assure, entre autres, aux familles et aux a\u00een\u00e9s l\u2019acc\u00e8s \u00e0 des activit\u00e9s culturelles, communautaires et de loisirs. En plus de sa nature abondante, Joliette a beaucoup \u00e0 offrir\u00a0: le Mus\u00e9e d&rsquo;art de Joliette, le Centre culturel, le Festival de Lanaudi\u00e8re et la biblioth\u00e8que Rina-Lasnier proposent une foule d\u2019activit\u00e9s! La ville est r\u00e9put\u00e9e pour son milieu de vie calme, invitant et surtout abordable, en plus d\u2019\u00eatre \u00e0 proximit\u00e9 des grandes autoroutes de la province. <a href=\"https:\/\/www.maresidenceretraite.ca\/lanaudiere\/joliette\/residences-pour-retraite\/\" target=\"_blank\" rel=\"noopener noreferrer\"><strong>Cliquez ici pour voir toutes les r\u00e9sidences pour a\u00een\u00e9s situ\u00e9es \u00e0 Joliette.<\/strong><\/a><\/p>\n<h2>3. Rimouski<\/h2>\n<p><img loading=\"lazy\" decoding=\"async\" class=\"alignleft size-full wp-image-1538\" src=\"https:\/\/www.maresidenceretraite.ca\/blogue\/wp-content\/uploads\/2022\/03\/rimouski_fleuve.jpg\" alt=\"\" width=\"1125\" height=\"664\" srcset=\"https:\/\/www.maresidenceretraite.ca\/blogue\/wp-content\/uploads\/2022\/03\/rimouski_fleuve.jpg 1125w, https:\/\/www.maresidenceretraite.ca\/blogue\/wp-content\/uploads\/2022\/03\/rimouski_fleuve-300x177.jpg 300w, https:\/\/www.maresidenceretraite.ca\/blogue\/wp-content\/uploads\/2022\/03\/rimouski_fleuve-768x453.jpg 768w, https:\/\/www.maresidenceretraite.ca\/blogue\/wp-content\/uploads\/2022\/03\/rimouski_fleuve-1024x604.jpg 1024w\" sizes=\"auto, (max-width: 1125px) 100vw, 1125px\" \/><\/p>\n<p>Parmi les principaux atouts de la ville de Rimouski, on retrouve\u00a0la proximit\u00e9 avec le fleuve et ses paysages incroyables, les nombreuses activit\u00e9s offertes et l&rsquo;acc\u00e8s rapide aux soins de sant\u00e9. Les retrait\u00e9s appr\u00e9cient \u00e9galement sa tranquillit\u00e9 et le fait que la ville ne soit pas tr\u00e8s grande, mais assez grande pour trouver tout ce dont on a besoin. Il va sans dire que les activit\u00e9s de plein air abondent! Ne manquez pas de visiter le parc national du Bic o\u00f9 vous pourrez admirer l&rsquo;un des plus beaux couchers de soleil!\u00a0<a href=\"https:\/\/www.maresidenceretraite.ca\/bas-saint-laurent\/rimouski\/residences-pour-retraite\/\" target=\"_blank\" rel=\"noopener noreferrer\"><strong>Cliquez ici pour voir toutes les r\u00e9sidences pour a\u00een\u00e9s situ\u00e9es \u00e0 Rimouski.\u00a0<\/strong><\/a><\/p>\n<h2>4. L\u00e9vis<\/h2>\n<p><img loading=\"lazy\" decoding=\"async\" class=\"alignleft size-full wp-image-1543\" src=\"https:\/\/www.maresidenceretraite.ca\/blogue\/wp-content\/uploads\/2022\/03\/levis_ville.jpg\" alt=\"\" width=\"1125\" height=\"664\" srcset=\"https:\/\/www.maresidenceretraite.ca\/blogue\/wp-content\/uploads\/2022\/03\/levis_ville.jpg 1125w, https:\/\/www.maresidenceretraite.ca\/blogue\/wp-content\/uploads\/2022\/03\/levis_ville-300x177.jpg 300w, https:\/\/www.maresidenceretraite.ca\/blogue\/wp-content\/uploads\/2022\/03\/levis_ville-768x453.jpg 768w, https:\/\/www.maresidenceretraite.ca\/blogue\/wp-content\/uploads\/2022\/03\/levis_ville-1024x604.jpg 1024w\" sizes=\"auto, (max-width: 1125px) 100vw, 1125px\" \/><\/p>\n<p><img loading=\"lazy\" decoding=\"async\" class=\"alignleft size-full wp-image-1539\" src=\"https:\/\/www.maresidenceretraite.ca\/blogue\/wp-content\/uploads\/2022\/03\/le_charnycois_residence.jpg\" alt=\"\" width=\"1125\" height=\"664\" srcset=\"https:\/\/www.maresidenceretraite.ca\/blogue\/wp-content\/uploads\/2022\/03\/le_charnycois_residence.jpg 1125w, https:\/\/www.maresidenceretraite.ca\/blogue\/wp-content\/uploads\/2022\/03\/le_charnycois_residence-300x177.jpg 300w, https:\/\/www.maresidenceretraite.ca\/blogue\/wp-content\/uploads\/2022\/03\/le_charnycois_residence-768x453.jpg 768w, https:\/\/www.maresidenceretraite.ca\/blogue\/wp-content\/uploads\/2022\/03\/le_charnycois_residence-1024x604.jpg 1024w\" sizes=\"auto, (max-width: 1125px) 100vw, 1125px\" \/><\/p>\n<p>L\u00e9vis est l\u2019une des villes les plus pris\u00e9es pour prendre sa retraite au Qu\u00e9bec en raison de sa proximit\u00e9 avec la capitale de la province.\u00a0Bord\u00e9e par le fleuve Saint-Laurent, elle offre \u00e0 la fois une nature omnipr\u00e9sente et des quartiers urbains avec une offre de commerces diversifi\u00e9e.\u00a0Les r\u00e9sidents ont \u00e9galement un excellent acc\u00e8s aux services de soins de sant\u00e9 et \u00e0 une vie culturelle dynamique. Parmi les activit\u00e9s les plus populaires, il y a le\u00a0golf, le v\u00e9lo et la visite de mus\u00e9es. De plus, son faible taux de criminalit\u00e9 fait d\u2019elle l&rsquo;un des endroits les plus s\u00fbrs au Canada. <a href=\"https:\/\/www.maresidenceretraite.ca\/chaudiere-appalaches\/levis\/residences-pour-retraite\/\" target=\"_blank\" rel=\"noopener noreferrer\"><strong>Cliquez ici pour voir toutes les r\u00e9sidences pour a\u00een\u00e9s situ\u00e9es \u00e0 L\u00e9vis.\u00a0<\/strong><\/a><\/p>\n<h2>5. Saint-Lambert<\/h2>\n<p><img loading=\"lazy\" decoding=\"async\" class=\"alignleft size-full wp-image-1540\" src=\"https:\/\/www.maresidenceretraite.ca\/blogue\/wp-content\/uploads\/2022\/03\/les_jardins_interieurs.jpg\" alt=\"\" width=\"1125\" height=\"664\" srcset=\"https:\/\/www.maresidenceretraite.ca\/blogue\/wp-content\/uploads\/2022\/03\/les_jardins_interieurs.jpg 1125w, https:\/\/www.maresidenceretraite.ca\/blogue\/wp-content\/uploads\/2022\/03\/les_jardins_interieurs-300x177.jpg 300w, https:\/\/www.maresidenceretraite.ca\/blogue\/wp-content\/uploads\/2022\/03\/les_jardins_interieurs-768x453.jpg 768w, https:\/\/www.maresidenceretraite.ca\/blogue\/wp-content\/uploads\/2022\/03\/les_jardins_interieurs-1024x604.jpg 1024w\" sizes=\"auto, (max-width: 1125px) 100vw, 1125px\" \/><\/p>\n<p><a href=\"https:\/\/www.smartimmo.ca\/saint-lambert\">Saint-Lambert<\/a> est une ville r\u00e9sidentielle situ\u00e9e dans la r\u00e9gion touristique de la Mont\u00e9r\u00e9gie, \u00e0 environ 15 km de Montr\u00e9al. Un grand r\u00e9seau de pistes cyclables la relie aux villes environnantes et elle poss\u00e8de un cachet unique avec ses arbres matures et ses grands espaces verts! La plupart des gens aiment vivre dans cette ville en raison de son charme, de sa s\u00e9curit\u00e9 et de la richesse de sa vie communautaire. <a href=\"https:\/\/www.maresidenceretraite.ca\/monteregie-rive-sud\/saint-lambert\/residences-pour-retraite\/\" target=\"_blank\" rel=\"noopener noreferrer\"><strong>Cliquez ici pour voir toutes les r\u00e9sidences pour a\u00een\u00e9s situ\u00e9es \u00e0 Saint-Lambert.\u00a0<\/strong><\/a><\/p>\n<p>Ces quelques villes font partie d&rsquo;un bassin \u00e9norme d&rsquo;endroits o\u00f9 la retraite peut \u00eatre douce et stimulante. \u00c9videmment, avant de prendre une d\u00e9cision, plusieurs facteurs doivent \u00eatre pris en compte et sachez que si vous \u00eates \u00e0 la recherche d&rsquo;une r\u00e9sidence pour retrait\u00e9s, <a href=\"https:\/\/www.maresidenceretraite.ca\/\" target=\"_blank\" rel=\"noopener noreferrer\"><strong>Ma R\u00e9sidence Retraite<\/strong><\/a> offre un <strong><a href=\"https:\/\/www.maresidenceretraite.ca\/blogue\/visites-de-residence\/trouver-une-residence-pour-aines-service-daccompagnement-gratuit\/\" target=\"_blank\" rel=\"noopener noreferrer\">service d&rsquo;accompagnement gratuit<\/a>\u00a0<\/strong>pour vous aider.<\/p>\n<p>Et vous, o\u00f9\u00a0souhaiteriez-vous vivre votre retraite?<\/p>\n","protected":false},"excerpt":{"rendered":"<p>La retraite incite parfois les gens \u00e0 plier bagage et \u00e0 se trouver un havre de paix o\u00f9 profiter de ce moment. Dans la belle province de Qu\u00e9bec, il y a plusieurs villes appr\u00e9ci\u00e9es pour leurs paysages enchanteurs caract\u00e9ris\u00e9s par les montagnes, les for\u00eats ou les vues maritimes. Certaines renferment les bribes d&rsquo;une riche histoire [&hellip;]<\/p>\n","protected":false},"author":9,"featured_media":1564,"comment_status":"closed","ping_status":"closed","sticky":false,"template":"","format":"standard","meta":{"footnotes":""},"categories":[24],"tags":[59,54,68,35,69],"class_list":["post-1520","post","type-post","status-publish","format-standard","has-post-thumbnail","hentry","category-art-de-vivre","tag-ma-residence-retraite","tag-residence-pour-personnes-agees","tag-residences","tag-retraite","tag-villes-pour-retraite"],"yoast_head":"<!-- This site is optimized with the Yoast SEO plugin v27.4 - https:\/\/yoast.com\/product\/yoast-seo-wordpress\/ -->\n<title>5 villes qu\u00e9b\u00e9coises o\u00f9 il fait bon vivre sa retraite -<\/title>\n<meta name=\"description\" content=\"Afin de vous aidez \u00e0 trouver votre coin de paradis, voici le top 5 des villes qu\u00e9b\u00e9coises o\u00f9 il fait bon vivre sa retraite.\" \/>\n<meta name=\"robots\" content=\"index, follow, max-snippet:-1, max-image-preview:large, max-video-preview:-1\" \/>\n<link rel=\"canonical\" href=\"https:\/\/www.maresidenceretraite.ca\/blogue\/5-villes-ou-il-fait-bon-vivre-sa-retraite\/\" \/>\n<meta property=\"og:locale\" content=\"fr_FR\" \/>\n<meta property=\"og:type\" content=\"article\" \/>\n<meta property=\"og:title\" content=\"5 villes qu\u00e9b\u00e9coises o\u00f9 il fait bon vivre sa retraite -\" \/>\n<meta property=\"og:description\" content=\"Afin de vous aidez \u00e0 trouver votre coin de paradis, voici le top 5 des villes qu\u00e9b\u00e9coises o\u00f9 il fait bon vivre sa retraite.\" \/>\n<meta property=\"og:url\" content=\"https:\/\/www.maresidenceretraite.ca\/blogue\/5-villes-ou-il-fait-bon-vivre-sa-retraite\/\" \/>\n<meta property=\"article:published_time\" content=\"2022-03-25T16:41:06+00:00\" \/>\n<meta property=\"article:modified_time\" content=\"2025-09-18T19:45:31+00:00\" \/>\n<meta property=\"og:image\" content=\"https:\/\/www.maresidenceretraite.ca\/blogue\/wp-content\/uploads\/2022\/03\/retraite_5_villes.jpg\" \/>\n\t<meta property=\"og:image:width\" content=\"1125\" \/>\n\t<meta property=\"og:image:height\" content=\"664\" \/>\n\t<meta property=\"og:image:type\" content=\"image\/jpeg\" \/>\n<meta name=\"author\" content=\"chloe neron\" \/>\n<meta name=\"twitter:card\" content=\"summary_large_image\" \/>\n<meta name=\"twitter:label1\" content=\"Written by\" \/>\n\t<meta name=\"twitter:data1\" content=\"chloe neron\" \/>\n\t<meta name=\"twitter:label2\" content=\"Est. reading time\" \/>\n\t<meta name=\"twitter:data2\" content=\"6 minutes\" \/>\n<script type=\"application\/ld+json\" class=\"yoast-schema-graph\">{\"@context\":\"https:\\\/\\\/schema.org\",\"@graph\":[{\"@type\":\"Article\",\"@id\":\"https:\\\/\\\/www.maresidenceretraite.ca\\\/blogue\\\/5-villes-ou-il-fait-bon-vivre-sa-retraite\\\/#article\",\"isPartOf\":{\"@id\":\"https:\\\/\\\/www.maresidenceretraite.ca\\\/blogue\\\/5-villes-ou-il-fait-bon-vivre-sa-retraite\\\/\"},\"author\":{\"name\":\"chloe neron\",\"@id\":\"https:\\\/\\\/www.maresidenceretraite.ca\\\/blogue\\\/#\\\/schema\\\/person\\\/4d1aba0fd7390e224ed79b4d767af4a7\"},\"headline\":\"5 villes qu\u00e9b\u00e9coises o\u00f9 il fait bon vivre sa retraite\",\"datePublished\":\"2022-03-25T16:41:06+00:00\",\"dateModified\":\"2025-09-18T19:45:31+00:00\",\"mainEntityOfPage\":{\"@id\":\"https:\\\/\\\/www.maresidenceretraite.ca\\\/blogue\\\/5-villes-ou-il-fait-bon-vivre-sa-retraite\\\/\"},\"wordCount\":795,\"publisher\":{\"@id\":\"https:\\\/\\\/www.maresidenceretraite.ca\\\/blogue\\\/#organization\"},\"image\":{\"@id\":\"https:\\\/\\\/www.maresidenceretraite.ca\\\/blogue\\\/5-villes-ou-il-fait-bon-vivre-sa-retraite\\\/#primaryimage\"},\"thumbnailUrl\":\"https:\\\/\\\/www.maresidenceretraite.ca\\\/blogue\\\/wp-content\\\/uploads\\\/2022\\\/03\\\/retraite_5_villes.jpg\",\"keywords\":[\"ma r\u00e9sidence retraite\",\"r\u00e9sidence pour personnes \u00e2g\u00e9es\",\"r\u00e9sidences\",\"retraite\",\"villes pour retraite\"],\"articleSection\":[\"ART DE VIVRE\"],\"inLanguage\":\"fr-FR\"},{\"@type\":\"WebPage\",\"@id\":\"https:\\\/\\\/www.maresidenceretraite.ca\\\/blogue\\\/5-villes-ou-il-fait-bon-vivre-sa-retraite\\\/\",\"url\":\"https:\\\/\\\/www.maresidenceretraite.ca\\\/blogue\\\/5-villes-ou-il-fait-bon-vivre-sa-retraite\\\/\",\"name\":\"5 villes qu\u00e9b\u00e9coises o\u00f9 il fait bon vivre sa retraite -\",\"isPartOf\":{\"@id\":\"https:\\\/\\\/www.maresidenceretraite.ca\\\/blogue\\\/#website\"},\"primaryImageOfPage\":{\"@id\":\"https:\\\/\\\/www.maresidenceretraite.ca\\\/blogue\\\/5-villes-ou-il-fait-bon-vivre-sa-retraite\\\/#primaryimage\"},\"image\":{\"@id\":\"https:\\\/\\\/www.maresidenceretraite.ca\\\/blogue\\\/5-villes-ou-il-fait-bon-vivre-sa-retraite\\\/#primaryimage\"},\"thumbnailUrl\":\"https:\\\/\\\/www.maresidenceretraite.ca\\\/blogue\\\/wp-content\\\/uploads\\\/2022\\\/03\\\/retraite_5_villes.jpg\",\"datePublished\":\"2022-03-25T16:41:06+00:00\",\"dateModified\":\"2025-09-18T19:45:31+00:00\",\"description\":\"Afin de vous aidez \u00e0 trouver votre coin de paradis, voici le top 5 des villes qu\u00e9b\u00e9coises o\u00f9 il fait bon vivre sa retraite.\",\"breadcrumb\":{\"@id\":\"https:\\\/\\\/www.maresidenceretraite.ca\\\/blogue\\\/5-villes-ou-il-fait-bon-vivre-sa-retraite\\\/#breadcrumb\"},\"inLanguage\":\"fr-FR\",\"potentialAction\":[{\"@type\":\"ReadAction\",\"target\":[\"https:\\\/\\\/www.maresidenceretraite.ca\\\/blogue\\\/5-villes-ou-il-fait-bon-vivre-sa-retraite\\\/\"]}]},{\"@type\":\"ImageObject\",\"inLanguage\":\"fr-FR\",\"@id\":\"https:\\\/\\\/www.maresidenceretraite.ca\\\/blogue\\\/5-villes-ou-il-fait-bon-vivre-sa-retraite\\\/#primaryimage\",\"url\":\"https:\\\/\\\/www.maresidenceretraite.ca\\\/blogue\\\/wp-content\\\/uploads\\\/2022\\\/03\\\/retraite_5_villes.jpg\",\"contentUrl\":\"https:\\\/\\\/www.maresidenceretraite.ca\\\/blogue\\\/wp-content\\\/uploads\\\/2022\\\/03\\\/retraite_5_villes.jpg\",\"width\":1125,\"height\":664,\"caption\":\"5 villes o\u00f9 prendre sa retraite\"},{\"@type\":\"BreadcrumbList\",\"@id\":\"https:\\\/\\\/www.maresidenceretraite.ca\\\/blogue\\\/5-villes-ou-il-fait-bon-vivre-sa-retraite\\\/#breadcrumb\",\"itemListElement\":[{\"@type\":\"ListItem\",\"position\":1,\"name\":\"Accueil\",\"item\":\"https:\\\/\\\/www.maresidenceretraite.ca\\\/blogue\\\/\"},{\"@type\":\"ListItem\",\"position\":2,\"name\":\"5 villes qu\u00e9b\u00e9coises o\u00f9 il fait bon vivre sa retraite\"}]},{\"@type\":\"WebSite\",\"@id\":\"https:\\\/\\\/www.maresidenceretraite.ca\\\/blogue\\\/#website\",\"url\":\"https:\\\/\\\/www.maresidenceretraite.ca\\\/blogue\\\/\",\"name\":\"\",\"description\":\"Articles traitant de la retraite et des a\u00een\u00e9s.\",\"publisher\":{\"@id\":\"https:\\\/\\\/www.maresidenceretraite.ca\\\/blogue\\\/#organization\"},\"potentialAction\":[{\"@type\":\"SearchAction\",\"target\":{\"@type\":\"EntryPoint\",\"urlTemplate\":\"https:\\\/\\\/www.maresidenceretraite.ca\\\/blogue\\\/?s={search_term_string}\"},\"query-input\":{\"@type\":\"PropertyValueSpecification\",\"valueRequired\":true,\"valueName\":\"search_term_string\"}}],\"inLanguage\":\"fr-FR\"},{\"@type\":\"Organization\",\"@id\":\"https:\\\/\\\/www.maresidenceretraite.ca\\\/blogue\\\/#organization\",\"name\":\"SiLO Communication\",\"url\":\"https:\\\/\\\/www.maresidenceretraite.ca\\\/blogue\\\/\",\"logo\":{\"@type\":\"ImageObject\",\"inLanguage\":\"fr-FR\",\"@id\":\"https:\\\/\\\/www.maresidenceretraite.ca\\\/blogue\\\/#\\\/schema\\\/logo\\\/image\\\/\",\"url\":\"https:\\\/\\\/www.maresidenceretraite.ca\\\/blogue\\\/wp-content\\\/uploads\\\/2017\\\/07\\\/silo-logo-css.jpg\",\"contentUrl\":\"https:\\\/\\\/www.maresidenceretraite.ca\\\/blogue\\\/wp-content\\\/uploads\\\/2017\\\/07\\\/silo-logo-css.jpg\",\"width\":600,\"height\":400,\"caption\":\"SiLO Communication\"},\"image\":{\"@id\":\"https:\\\/\\\/www.maresidenceretraite.ca\\\/blogue\\\/#\\\/schema\\\/logo\\\/image\\\/\"}},{\"@type\":\"Person\",\"@id\":\"https:\\\/\\\/www.maresidenceretraite.ca\\\/blogue\\\/#\\\/schema\\\/person\\\/4d1aba0fd7390e224ed79b4d767af4a7\",\"name\":\"chloe neron\",\"image\":{\"@type\":\"ImageObject\",\"inLanguage\":\"fr-FR\",\"@id\":\"https:\\\/\\\/secure.gravatar.com\\\/avatar\\\/06014cde71ca8e86331ba5fb4bab3af285f37989968f003dd7e5794ca2230b5e?s=96&d=mm&r=g\",\"url\":\"https:\\\/\\\/secure.gravatar.com\\\/avatar\\\/06014cde71ca8e86331ba5fb4bab3af285f37989968f003dd7e5794ca2230b5e?s=96&d=mm&r=g\",\"contentUrl\":\"https:\\\/\\\/secure.gravatar.com\\\/avatar\\\/06014cde71ca8e86331ba5fb4bab3af285f37989968f003dd7e5794ca2230b5e?s=96&d=mm&r=g\",\"caption\":\"chloe neron\"},\"url\":\"https:\\\/\\\/www.maresidenceretraite.ca\\\/blogue\\\/author\\\/chloe_neron\\\/\"}]}<\/script>\n<!-- \/ Yoast SEO plugin. -->","yoast_head_json":{"title":"5 villes qu\u00e9b\u00e9coises o\u00f9 il fait bon vivre sa retraite -","description":"Afin de vous aidez \u00e0 trouver votre coin de paradis, voici le top 5 des villes qu\u00e9b\u00e9coises o\u00f9 il fait bon vivre sa retraite.","robots":{"index":"index","follow":"follow","max-snippet":"max-snippet:-1","max-image-preview":"max-image-preview:large","max-video-preview":"max-video-preview:-1"},"canonical":"https:\/\/www.maresidenceretraite.ca\/blogue\/5-villes-ou-il-fait-bon-vivre-sa-retraite\/","og_locale":"fr_FR","og_type":"article","og_title":"5 villes qu\u00e9b\u00e9coises o\u00f9 il fait bon vivre sa retraite -","og_description":"Afin de vous aidez \u00e0 trouver votre coin de paradis, voici le top 5 des villes qu\u00e9b\u00e9coises o\u00f9 il fait bon vivre sa retraite.","og_url":"https:\/\/www.maresidenceretraite.ca\/blogue\/5-villes-ou-il-fait-bon-vivre-sa-retraite\/","article_published_time":"2022-03-25T16:41:06+00:00","article_modified_time":"2025-09-18T19:45:31+00:00","og_image":[{"width":1125,"height":664,"url":"https:\/\/www.maresidenceretraite.ca\/blogue\/wp-content\/uploads\/2022\/03\/retraite_5_villes.jpg","type":"image\/jpeg"}],"author":"chloe neron","twitter_card":"summary_large_image","twitter_misc":{"Written by":"chloe neron","Est. reading time":"6 minutes"},"schema":{"@context":"https:\/\/schema.org","@graph":[{"@type":"Article","@id":"https:\/\/www.maresidenceretraite.ca\/blogue\/5-villes-ou-il-fait-bon-vivre-sa-retraite\/#article","isPartOf":{"@id":"https:\/\/www.maresidenceretraite.ca\/blogue\/5-villes-ou-il-fait-bon-vivre-sa-retraite\/"},"author":{"name":"chloe neron","@id":"https:\/\/www.maresidenceretraite.ca\/blogue\/#\/schema\/person\/4d1aba0fd7390e224ed79b4d767af4a7"},"headline":"5 villes qu\u00e9b\u00e9coises o\u00f9 il fait bon vivre sa retraite","datePublished":"2022-03-25T16:41:06+00:00","dateModified":"2025-09-18T19:45:31+00:00","mainEntityOfPage":{"@id":"https:\/\/www.maresidenceretraite.ca\/blogue\/5-villes-ou-il-fait-bon-vivre-sa-retraite\/"},"wordCount":795,"publisher":{"@id":"https:\/\/www.maresidenceretraite.ca\/blogue\/#organization"},"image":{"@id":"https:\/\/www.maresidenceretraite.ca\/blogue\/5-villes-ou-il-fait-bon-vivre-sa-retraite\/#primaryimage"},"thumbnailUrl":"https:\/\/www.maresidenceretraite.ca\/blogue\/wp-content\/uploads\/2022\/03\/retraite_5_villes.jpg","keywords":["ma r\u00e9sidence retraite","r\u00e9sidence pour personnes \u00e2g\u00e9es","r\u00e9sidences","retraite","villes pour retraite"],"articleSection":["ART DE VIVRE"],"inLanguage":"fr-FR"},{"@type":"WebPage","@id":"https:\/\/www.maresidenceretraite.ca\/blogue\/5-villes-ou-il-fait-bon-vivre-sa-retraite\/","url":"https:\/\/www.maresidenceretraite.ca\/blogue\/5-villes-ou-il-fait-bon-vivre-sa-retraite\/","name":"5 villes qu\u00e9b\u00e9coises o\u00f9 il fait bon vivre sa retraite -","isPartOf":{"@id":"https:\/\/www.maresidenceretraite.ca\/blogue\/#website"},"primaryImageOfPage":{"@id":"https:\/\/www.maresidenceretraite.ca\/blogue\/5-villes-ou-il-fait-bon-vivre-sa-retraite\/#primaryimage"},"image":{"@id":"https:\/\/www.maresidenceretraite.ca\/blogue\/5-villes-ou-il-fait-bon-vivre-sa-retraite\/#primaryimage"},"thumbnailUrl":"https:\/\/www.maresidenceretraite.ca\/blogue\/wp-content\/uploads\/2022\/03\/retraite_5_villes.jpg","datePublished":"2022-03-25T16:41:06+00:00","dateModified":"2025-09-18T19:45:31+00:00","description":"Afin de vous aidez \u00e0 trouver votre coin de paradis, voici le top 5 des villes qu\u00e9b\u00e9coises o\u00f9 il fait bon vivre sa retraite.","breadcrumb":{"@id":"https:\/\/www.maresidenceretraite.ca\/blogue\/5-villes-ou-il-fait-bon-vivre-sa-retraite\/#breadcrumb"},"inLanguage":"fr-FR","potentialAction":[{"@type":"ReadAction","target":["https:\/\/www.maresidenceretraite.ca\/blogue\/5-villes-ou-il-fait-bon-vivre-sa-retraite\/"]}]},{"@type":"ImageObject","inLanguage":"fr-FR","@id":"https:\/\/www.maresidenceretraite.ca\/blogue\/5-villes-ou-il-fait-bon-vivre-sa-retraite\/#primaryimage","url":"https:\/\/www.maresidenceretraite.ca\/blogue\/wp-content\/uploads\/2022\/03\/retraite_5_villes.jpg","contentUrl":"https:\/\/www.maresidenceretraite.ca\/blogue\/wp-content\/uploads\/2022\/03\/retraite_5_villes.jpg","width":1125,"height":664,"caption":"5 villes o\u00f9 prendre sa retraite"},{"@type":"BreadcrumbList","@id":"https:\/\/www.maresidenceretraite.ca\/blogue\/5-villes-ou-il-fait-bon-vivre-sa-retraite\/#breadcrumb","itemListElement":[{"@type":"ListItem","position":1,"name":"Accueil","item":"https:\/\/www.maresidenceretraite.ca\/blogue\/"},{"@type":"ListItem","position":2,"name":"5 villes qu\u00e9b\u00e9coises o\u00f9 il fait bon vivre sa retraite"}]},{"@type":"WebSite","@id":"https:\/\/www.maresidenceretraite.ca\/blogue\/#website","url":"https:\/\/www.maresidenceretraite.ca\/blogue\/","name":"","description":"Articles traitant de la retraite et des a\u00een\u00e9s.","publisher":{"@id":"https:\/\/www.maresidenceretraite.ca\/blogue\/#organization"},"potentialAction":[{"@type":"SearchAction","target":{"@type":"EntryPoint","urlTemplate":"https:\/\/www.maresidenceretraite.ca\/blogue\/?s={search_term_string}"},"query-input":{"@type":"PropertyValueSpecification","valueRequired":true,"valueName":"search_term_string"}}],"inLanguage":"fr-FR"},{"@type":"Organization","@id":"https:\/\/www.maresidenceretraite.ca\/blogue\/#organization","name":"SiLO Communication","url":"https:\/\/www.maresidenceretraite.ca\/blogue\/","logo":{"@type":"ImageObject","inLanguage":"fr-FR","@id":"https:\/\/www.maresidenceretraite.ca\/blogue\/#\/schema\/logo\/image\/","url":"https:\/\/www.maresidenceretraite.ca\/blogue\/wp-content\/uploads\/2017\/07\/silo-logo-css.jpg","contentUrl":"https:\/\/www.maresidenceretraite.ca\/blogue\/wp-content\/uploads\/2017\/07\/silo-logo-css.jpg","width":600,"height":400,"caption":"SiLO Communication"},"image":{"@id":"https:\/\/www.maresidenceretraite.ca\/blogue\/#\/schema\/logo\/image\/"}},{"@type":"Person","@id":"https:\/\/www.maresidenceretraite.ca\/blogue\/#\/schema\/person\/4d1aba0fd7390e224ed79b4d767af4a7","name":"chloe neron","image":{"@type":"ImageObject","inLanguage":"fr-FR","@id":"https:\/\/secure.gravatar.com\/avatar\/06014cde71ca8e86331ba5fb4bab3af285f37989968f003dd7e5794ca2230b5e?s=96&d=mm&r=g","url":"https:\/\/secure.gravatar.com\/avatar\/06014cde71ca8e86331ba5fb4bab3af285f37989968f003dd7e5794ca2230b5e?s=96&d=mm&r=g","contentUrl":"https:\/\/secure.gravatar.com\/avatar\/06014cde71ca8e86331ba5fb4bab3af285f37989968f003dd7e5794ca2230b5e?s=96&d=mm&r=g","caption":"chloe neron"},"url":"https:\/\/www.maresidenceretraite.ca\/blogue\/author\/chloe_neron\/"}]}},"_links":{"self":[{"href":"https:\/\/www.maresidenceretraite.ca\/blogue\/wp-json\/wp\/v2\/posts\/1520","targetHints":{"allow":["GET"]}}],"collection":[{"href":"https:\/\/www.maresidenceretraite.ca\/blogue\/wp-json\/wp\/v2\/posts"}],"about":[{"href":"https:\/\/www.maresidenceretraite.ca\/blogue\/wp-json\/wp\/v2\/types\/post"}],"author":[{"embeddable":true,"href":"https:\/\/www.maresidenceretraite.ca\/blogue\/wp-json\/wp\/v2\/users\/9"}],"replies":[{"embeddable":true,"href":"https:\/\/www.maresidenceretraite.ca\/blogue\/wp-json\/wp\/v2\/comments?post=1520"}],"version-history":[{"count":2,"href":"https:\/\/www.maresidenceretraite.ca\/blogue\/wp-json\/wp\/v2\/posts\/1520\/revisions"}],"predecessor-version":[{"id":2585,"href":"https:\/\/www.maresidenceretraite.ca\/blogue\/wp-json\/wp\/v2\/posts\/1520\/revisions\/2585"}],"wp:featuredmedia":[{"embeddable":true,"href":"https:\/\/www.maresidenceretraite.ca\/blogue\/wp-json\/wp\/v2\/media\/1564"}],"wp:attachment":[{"href":"https:\/\/www.maresidenceretraite.ca\/blogue\/wp-json\/wp\/v2\/media?parent=1520"}],"wp:term":[{"taxonomy":"category","embeddable":true,"href":"https:\/\/www.maresidenceretraite.ca\/blogue\/wp-json\/wp\/v2\/categories?post=1520"},{"taxonomy":"post_tag","embeddable":true,"href":"https:\/\/www.maresidenceretraite.ca\/blogue\/wp-json\/wp\/v2\/tags?post=1520"}],"curies":[{"name":"wp","href":"https:\/\/api.w.org\/{rel}","templated":true}]}}