{"id":1613,"date":"2022-05-26T09:45:46","date_gmt":"2022-05-26T14:45:46","guid":{"rendered":"https:\/\/www.maresidenceretraite.ca\/blogue\/?p=1613"},"modified":"2024-02-09T13:59:56","modified_gmt":"2024-02-09T18:59:56","slug":"mieux-vivre-retraite-grace-a-residence-retraite","status":"publish","type":"post","link":"https:\/\/www.maresidenceretraite.ca\/blogue\/mieux-vivre-retraite-grace-a-residence-retraite\/","title":{"rendered":"Mieux vivre sa retraite gr\u00e2ce \u00e0 Ma R\u00e9sidence Retraite"},"content":{"rendered":"<p><strong>La retraite est un moment important qui entra\u00eene de grands changements pouvant parfois mener \u00e0 une perte de sens. Pour traverser avec s\u00e9r\u00e9nit\u00e9 ce nouveau chapitre il s\u2019av\u00e8re important de le planifier et pas seulement financi\u00e8rement. C\u2019est \u00e0 ce moment que <a href=\"https:\/\/www.maresidenceretraite.ca\/\" target=\"_blank\" rel=\"noopener noreferrer\">Ma R\u00e9sidence Retraite<\/a> entre en jeu.<\/strong><\/p>\n<p><img loading=\"lazy\" decoding=\"async\" class=\"alignnone size-full wp-image-1094\" src=\"https:\/\/www.maresidenceretraite.ca\/blogue\/wp-content\/uploads\/2020\/02\/ma-residence-retraite-couple-cherche-residence-aines.jpg\" alt=\"\" width=\"1820\" height=\"1200\" srcset=\"https:\/\/www.maresidenceretraite.ca\/blogue\/wp-content\/uploads\/2020\/02\/ma-residence-retraite-couple-cherche-residence-aines.jpg 1820w, https:\/\/www.maresidenceretraite.ca\/blogue\/wp-content\/uploads\/2020\/02\/ma-residence-retraite-couple-cherche-residence-aines-300x198.jpg 300w, https:\/\/www.maresidenceretraite.ca\/blogue\/wp-content\/uploads\/2020\/02\/ma-residence-retraite-couple-cherche-residence-aines-768x506.jpg 768w, https:\/\/www.maresidenceretraite.ca\/blogue\/wp-content\/uploads\/2020\/02\/ma-residence-retraite-couple-cherche-residence-aines-1024x675.jpg 1024w, https:\/\/www.maresidenceretraite.ca\/blogue\/wp-content\/uploads\/2020\/02\/ma-residence-retraite-couple-cherche-residence-aines-1800x1187.jpg 1800w\" sizes=\"auto, (max-width: 1820px) 100vw, 1820px\" \/><\/p>\n<p>Ma R\u00e9sidence Retraite est un&nbsp;site web qui se veut informatif, divertissant et pertinent pour les retrait\u00e9s des quatre coins du Qu\u00e9bec. Elle a pour mission d\u2019aider les retrait\u00e9s \u00e0 trouver la r\u00e9sidence qui leur convient le mieux.&nbsp;Ainsi, les r\u00e9sidents seront mieux outill\u00e9s pour&nbsp;une retraite heureuse et \u00e9panouie. Ma R\u00e9sidence Retraite offre non seulement un r\u00e9pertoire web de tous les grands complexes pour a\u00een\u00e9s du Qu\u00e9bec, mais aussi un blogue couvrant divers aspects de la vie des retrait\u00e9s ainsi que des plateformes num\u00e9riques pour amuser et informer la communaut\u00e9!<\/p>\n<h2>La petite histoire de Ma R\u00e9sidence Retraite<\/h2>\n<p>D\u00e9velopp\u00e9 avec amour en 2016, le r\u00e9pertoire Ma R\u00e9sidence Retraite a \u00e9t\u00e9 con\u00e7u pour r\u00e9pondre au besoin grandissant des personnes \u00e2g\u00e9es \u00e0 la recherche d&rsquo;une r\u00e9sidence pour retrait\u00e9s. La plateforme permet un choix \u00e9clair\u00e9 gr\u00e2ce \u00e0 une description compl\u00e8te de chacune des r\u00e9sidences et de leurs services. Depuis, Ma R\u00e9sidence Retraite ne cesse d&rsquo;\u00e9voluer pour offrir une gamme compl\u00e8te d\u2019outils pertinents&nbsp;: <a href=\"https:\/\/www.maresidenceretraite.ca\/blogue\/\" target=\"_blank\" rel=\"noopener noreferrer\"><strong>blogue<\/strong><\/a>, <a href=\"https:\/\/www.maresidenceretraite.ca\/comparatif-de-residence\/\" target=\"_blank\" rel=\"noopener noreferrer\"><strong>fiches comparatives<\/strong><\/a>, <a href=\"https:\/\/www.maresidenceretraite.ca\/blogue\/visites-de-residence\/trouver-une-residence-pour-aines-service-daccompagnement-gratuit\/\" target=\"_blank\" rel=\"noopener noreferrer\"><strong>service d\u2019accompagnement gratuit<\/strong><\/a>, communaut\u00e9 <a href=\"https:\/\/www.facebook.com\/maresidenceretraite\/\" target=\"_blank\" rel=\"noopener noreferrer\"><strong>Facebook<\/strong><\/a> et <a href=\"https:\/\/www.linkedin.com\/company\/ma-residence-retraite\/\" target=\"_blank\" rel=\"noopener noreferrer\"><strong>LinkedIn<\/strong><\/a> et beaucoup plus.&nbsp;La retraite est une p\u00e9riode o\u00f9 l\u2019on reprend contact avec soi et o\u00f9 son identit\u00e9 profonde tente s\u2019exprimer&#8230; Rien de tel qu&rsquo;un milieu qui offre l&rsquo;opportunit\u00e9 d&rsquo;apprendre, d&rsquo;\u00eatre heureux et soi-m\u00eame.<\/p>\n<p>L&rsquo;\u00e9quipe \u00e0 la barre de Ma R\u00e9sidence Retraite est celle de <a href=\"http:\/\/silocommunication.ca\/\" target=\"_blank\" rel=\"noopener noreferrer\"><strong>SiLO Communication<\/strong><\/a>, une jeune entreprise familiale qui cumule&nbsp;plus de 25 ans d\u2019exp\u00e9rience dans la mise en valeur de projets immobiliers et le marketing corporatif. Passionn\u00e9 par l&rsquo;humain, l\u2019architecture et la cr\u00e9ation, SiLO Communication s&rsquo;attarde aux besoin de ses usagers et s&rsquo;efforce d&rsquo;offrir le meilleur d&rsquo;eux-m\u00eames pour ceux-ci.<\/p>\n<p>Alors, que vous soyez \u00e0 la recherche d\u2019un nouveau milieu de vie, que vous ayez envie d\u2019en apprendre plus sur comment planifier sa retraite ou que vous ayez tout simplement envie de vous divertir, Ma R\u00e9sidence Retraite est la plateforme par excellence lorsque vient le temps de d\u00e9mystifier et de mieux vivre le passage \u00e0 la retraite!<\/p>\n","protected":false},"excerpt":{"rendered":"<p>La retraite est un moment important qui entra\u00eene de grands changements pouvant parfois mener \u00e0 une perte de sens. Pour traverser avec s\u00e9r\u00e9nit\u00e9 ce nouveau chapitre il s\u2019av\u00e8re important de le planifier et pas seulement financi\u00e8rement. C\u2019est \u00e0 ce moment que Ma R\u00e9sidence Retraite entre en jeu. Ma R\u00e9sidence Retraite est un&nbsp;site web qui se [&hellip;]<\/p>\n","protected":false},"author":9,"featured_media":1429,"comment_status":"closed","ping_status":"closed","sticky":false,"template":"","format":"standard","meta":{"footnotes":""},"categories":[14],"tags":[],"class_list":["post-1613","post","type-post","status-publish","format-standard","has-post-thumbnail","hentry","category-trucs-et-design"],"yoast_head":"<!-- This site is optimized with the Yoast SEO plugin v27.4 - https:\/\/yoast.com\/product\/yoast-seo-wordpress\/ -->\n<title>r\u00e9sidence retraite<\/title>\n<meta name=\"description\" content=\"Ma R\u00e9sidence Retraite est un site web qui se veut informatif, divertissant et pertinent pour les retrait\u00e9s des quatre coins du Qu\u00e9bec.\" \/>\n<meta name=\"robots\" content=\"index, follow, max-snippet:-1, max-image-preview:large, max-video-preview:-1\" \/>\n<link rel=\"canonical\" href=\"https:\/\/www.maresidenceretraite.ca\/blogue\/mieux-vivre-retraite-grace-a-residence-retraite\/\" \/>\n<meta property=\"og:locale\" content=\"fr_FR\" \/>\n<meta property=\"og:type\" content=\"article\" \/>\n<meta property=\"og:title\" content=\"r\u00e9sidence retraite\" \/>\n<meta property=\"og:description\" content=\"Ma R\u00e9sidence Retraite est un site web qui se veut informatif, divertissant et pertinent pour les retrait\u00e9s des quatre coins du Qu\u00e9bec.\" \/>\n<meta property=\"og:url\" content=\"https:\/\/www.maresidenceretraite.ca\/blogue\/mieux-vivre-retraite-grace-a-residence-retraite\/\" \/>\n<meta property=\"article:published_time\" content=\"2022-05-26T14:45:46+00:00\" \/>\n<meta property=\"article:modified_time\" content=\"2024-02-09T18:59:56+00:00\" \/>\n<meta property=\"og:image\" content=\"https:\/\/www.maresidenceretraite.ca\/blogue\/wp-content\/uploads\/2021\/03\/ma-residence-retraite-sante-auditive.jpg\" \/>\n\t<meta property=\"og:image:width\" content=\"1820\" \/>\n\t<meta property=\"og:image:height\" content=\"1200\" \/>\n\t<meta property=\"og:image:type\" content=\"image\/jpeg\" \/>\n<meta name=\"author\" content=\"chloe neron\" \/>\n<meta name=\"twitter:card\" content=\"summary_large_image\" \/>\n<meta name=\"twitter:label1\" content=\"Written by\" \/>\n\t<meta name=\"twitter:data1\" content=\"chloe neron\" \/>\n\t<meta name=\"twitter:label2\" content=\"Est. reading time\" \/>\n\t<meta name=\"twitter:data2\" content=\"3 minutes\" \/>\n<script type=\"application\/ld+json\" class=\"yoast-schema-graph\">{\"@context\":\"https:\\\/\\\/schema.org\",\"@graph\":[{\"@type\":\"Article\",\"@id\":\"https:\\\/\\\/www.maresidenceretraite.ca\\\/blogue\\\/mieux-vivre-retraite-grace-a-residence-retraite\\\/#article\",\"isPartOf\":{\"@id\":\"https:\\\/\\\/www.maresidenceretraite.ca\\\/blogue\\\/mieux-vivre-retraite-grace-a-residence-retraite\\\/\"},\"author\":{\"name\":\"chloe neron\",\"@id\":\"https:\\\/\\\/www.maresidenceretraite.ca\\\/blogue\\\/#\\\/schema\\\/person\\\/4d1aba0fd7390e224ed79b4d767af4a7\"},\"headline\":\"Mieux vivre sa retraite gr\u00e2ce \u00e0 Ma R\u00e9sidence Retraite\",\"datePublished\":\"2022-05-26T14:45:46+00:00\",\"dateModified\":\"2024-02-09T18:59:56+00:00\",\"mainEntityOfPage\":{\"@id\":\"https:\\\/\\\/www.maresidenceretraite.ca\\\/blogue\\\/mieux-vivre-retraite-grace-a-residence-retraite\\\/\"},\"wordCount\":428,\"publisher\":{\"@id\":\"https:\\\/\\\/www.maresidenceretraite.ca\\\/blogue\\\/#organization\"},\"image\":{\"@id\":\"https:\\\/\\\/www.maresidenceretraite.ca\\\/blogue\\\/mieux-vivre-retraite-grace-a-residence-retraite\\\/#primaryimage\"},\"thumbnailUrl\":\"https:\\\/\\\/www.maresidenceretraite.ca\\\/blogue\\\/wp-content\\\/uploads\\\/2021\\\/03\\\/ma-residence-retraite-sante-auditive.jpg\",\"articleSection\":[\"ASTUCES\"],\"inLanguage\":\"fr-FR\"},{\"@type\":\"WebPage\",\"@id\":\"https:\\\/\\\/www.maresidenceretraite.ca\\\/blogue\\\/mieux-vivre-retraite-grace-a-residence-retraite\\\/\",\"url\":\"https:\\\/\\\/www.maresidenceretraite.ca\\\/blogue\\\/mieux-vivre-retraite-grace-a-residence-retraite\\\/\",\"name\":\"r\u00e9sidence retraite\",\"isPartOf\":{\"@id\":\"https:\\\/\\\/www.maresidenceretraite.ca\\\/blogue\\\/#website\"},\"primaryImageOfPage\":{\"@id\":\"https:\\\/\\\/www.maresidenceretraite.ca\\\/blogue\\\/mieux-vivre-retraite-grace-a-residence-retraite\\\/#primaryimage\"},\"image\":{\"@id\":\"https:\\\/\\\/www.maresidenceretraite.ca\\\/blogue\\\/mieux-vivre-retraite-grace-a-residence-retraite\\\/#primaryimage\"},\"thumbnailUrl\":\"https:\\\/\\\/www.maresidenceretraite.ca\\\/blogue\\\/wp-content\\\/uploads\\\/2021\\\/03\\\/ma-residence-retraite-sante-auditive.jpg\",\"datePublished\":\"2022-05-26T14:45:46+00:00\",\"dateModified\":\"2024-02-09T18:59:56+00:00\",\"description\":\"Ma R\u00e9sidence Retraite est un site web qui se veut informatif, divertissant et pertinent pour les retrait\u00e9s des quatre coins du Qu\u00e9bec.\",\"breadcrumb\":{\"@id\":\"https:\\\/\\\/www.maresidenceretraite.ca\\\/blogue\\\/mieux-vivre-retraite-grace-a-residence-retraite\\\/#breadcrumb\"},\"inLanguage\":\"fr-FR\",\"potentialAction\":[{\"@type\":\"ReadAction\",\"target\":[\"https:\\\/\\\/www.maresidenceretraite.ca\\\/blogue\\\/mieux-vivre-retraite-grace-a-residence-retraite\\\/\"]}]},{\"@type\":\"ImageObject\",\"inLanguage\":\"fr-FR\",\"@id\":\"https:\\\/\\\/www.maresidenceretraite.ca\\\/blogue\\\/mieux-vivre-retraite-grace-a-residence-retraite\\\/#primaryimage\",\"url\":\"https:\\\/\\\/www.maresidenceretraite.ca\\\/blogue\\\/wp-content\\\/uploads\\\/2021\\\/03\\\/ma-residence-retraite-sante-auditive.jpg\",\"contentUrl\":\"https:\\\/\\\/www.maresidenceretraite.ca\\\/blogue\\\/wp-content\\\/uploads\\\/2021\\\/03\\\/ma-residence-retraite-sante-auditive.jpg\",\"width\":1820,\"height\":1200},{\"@type\":\"BreadcrumbList\",\"@id\":\"https:\\\/\\\/www.maresidenceretraite.ca\\\/blogue\\\/mieux-vivre-retraite-grace-a-residence-retraite\\\/#breadcrumb\",\"itemListElement\":[{\"@type\":\"ListItem\",\"position\":1,\"name\":\"Accueil\",\"item\":\"https:\\\/\\\/www.maresidenceretraite.ca\\\/blogue\\\/\"},{\"@type\":\"ListItem\",\"position\":2,\"name\":\"Mieux vivre sa retraite gr\u00e2ce \u00e0 Ma R\u00e9sidence Retraite\"}]},{\"@type\":\"WebSite\",\"@id\":\"https:\\\/\\\/www.maresidenceretraite.ca\\\/blogue\\\/#website\",\"url\":\"https:\\\/\\\/www.maresidenceretraite.ca\\\/blogue\\\/\",\"name\":\"\",\"description\":\"Articles traitant de la retraite et des a\u00een\u00e9s.\",\"publisher\":{\"@id\":\"https:\\\/\\\/www.maresidenceretraite.ca\\\/blogue\\\/#organization\"},\"potentialAction\":[{\"@type\":\"SearchAction\",\"target\":{\"@type\":\"EntryPoint\",\"urlTemplate\":\"https:\\\/\\\/www.maresidenceretraite.ca\\\/blogue\\\/?s={search_term_string}\"},\"query-input\":{\"@type\":\"PropertyValueSpecification\",\"valueRequired\":true,\"valueName\":\"search_term_string\"}}],\"inLanguage\":\"fr-FR\"},{\"@type\":\"Organization\",\"@id\":\"https:\\\/\\\/www.maresidenceretraite.ca\\\/blogue\\\/#organization\",\"name\":\"SiLO Communication\",\"url\":\"https:\\\/\\\/www.maresidenceretraite.ca\\\/blogue\\\/\",\"logo\":{\"@type\":\"ImageObject\",\"inLanguage\":\"fr-FR\",\"@id\":\"https:\\\/\\\/www.maresidenceretraite.ca\\\/blogue\\\/#\\\/schema\\\/logo\\\/image\\\/\",\"url\":\"https:\\\/\\\/www.maresidenceretraite.ca\\\/blogue\\\/wp-content\\\/uploads\\\/2017\\\/07\\\/silo-logo-css.jpg\",\"contentUrl\":\"https:\\\/\\\/www.maresidenceretraite.ca\\\/blogue\\\/wp-content\\\/uploads\\\/2017\\\/07\\\/silo-logo-css.jpg\",\"width\":600,\"height\":400,\"caption\":\"SiLO Communication\"},\"image\":{\"@id\":\"https:\\\/\\\/www.maresidenceretraite.ca\\\/blogue\\\/#\\\/schema\\\/logo\\\/image\\\/\"}},{\"@type\":\"Person\",\"@id\":\"https:\\\/\\\/www.maresidenceretraite.ca\\\/blogue\\\/#\\\/schema\\\/person\\\/4d1aba0fd7390e224ed79b4d767af4a7\",\"name\":\"chloe neron\",\"image\":{\"@type\":\"ImageObject\",\"inLanguage\":\"fr-FR\",\"@id\":\"https:\\\/\\\/secure.gravatar.com\\\/avatar\\\/06014cde71ca8e86331ba5fb4bab3af285f37989968f003dd7e5794ca2230b5e?s=96&d=mm&r=g\",\"url\":\"https:\\\/\\\/secure.gravatar.com\\\/avatar\\\/06014cde71ca8e86331ba5fb4bab3af285f37989968f003dd7e5794ca2230b5e?s=96&d=mm&r=g\",\"contentUrl\":\"https:\\\/\\\/secure.gravatar.com\\\/avatar\\\/06014cde71ca8e86331ba5fb4bab3af285f37989968f003dd7e5794ca2230b5e?s=96&d=mm&r=g\",\"caption\":\"chloe neron\"},\"url\":\"https:\\\/\\\/www.maresidenceretraite.ca\\\/blogue\\\/author\\\/chloe_neron\\\/\"}]}<\/script>\n<!-- \/ Yoast SEO plugin. -->","yoast_head_json":{"title":"r\u00e9sidence retraite","description":"Ma R\u00e9sidence Retraite est un site web qui se veut informatif, divertissant et pertinent pour les retrait\u00e9s des quatre coins du Qu\u00e9bec.","robots":{"index":"index","follow":"follow","max-snippet":"max-snippet:-1","max-image-preview":"max-image-preview:large","max-video-preview":"max-video-preview:-1"},"canonical":"https:\/\/www.maresidenceretraite.ca\/blogue\/mieux-vivre-retraite-grace-a-residence-retraite\/","og_locale":"fr_FR","og_type":"article","og_title":"r\u00e9sidence retraite","og_description":"Ma R\u00e9sidence Retraite est un site web qui se veut informatif, divertissant et pertinent pour les retrait\u00e9s des quatre coins du Qu\u00e9bec.","og_url":"https:\/\/www.maresidenceretraite.ca\/blogue\/mieux-vivre-retraite-grace-a-residence-retraite\/","article_published_time":"2022-05-26T14:45:46+00:00","article_modified_time":"2024-02-09T18:59:56+00:00","og_image":[{"width":1820,"height":1200,"url":"https:\/\/www.maresidenceretraite.ca\/blogue\/wp-content\/uploads\/2021\/03\/ma-residence-retraite-sante-auditive.jpg","type":"image\/jpeg"}],"author":"chloe neron","twitter_card":"summary_large_image","twitter_misc":{"Written by":"chloe neron","Est. reading time":"3 minutes"},"schema":{"@context":"https:\/\/schema.org","@graph":[{"@type":"Article","@id":"https:\/\/www.maresidenceretraite.ca\/blogue\/mieux-vivre-retraite-grace-a-residence-retraite\/#article","isPartOf":{"@id":"https:\/\/www.maresidenceretraite.ca\/blogue\/mieux-vivre-retraite-grace-a-residence-retraite\/"},"author":{"name":"chloe neron","@id":"https:\/\/www.maresidenceretraite.ca\/blogue\/#\/schema\/person\/4d1aba0fd7390e224ed79b4d767af4a7"},"headline":"Mieux vivre sa retraite gr\u00e2ce \u00e0 Ma R\u00e9sidence Retraite","datePublished":"2022-05-26T14:45:46+00:00","dateModified":"2024-02-09T18:59:56+00:00","mainEntityOfPage":{"@id":"https:\/\/www.maresidenceretraite.ca\/blogue\/mieux-vivre-retraite-grace-a-residence-retraite\/"},"wordCount":428,"publisher":{"@id":"https:\/\/www.maresidenceretraite.ca\/blogue\/#organization"},"image":{"@id":"https:\/\/www.maresidenceretraite.ca\/blogue\/mieux-vivre-retraite-grace-a-residence-retraite\/#primaryimage"},"thumbnailUrl":"https:\/\/www.maresidenceretraite.ca\/blogue\/wp-content\/uploads\/2021\/03\/ma-residence-retraite-sante-auditive.jpg","articleSection":["ASTUCES"],"inLanguage":"fr-FR"},{"@type":"WebPage","@id":"https:\/\/www.maresidenceretraite.ca\/blogue\/mieux-vivre-retraite-grace-a-residence-retraite\/","url":"https:\/\/www.maresidenceretraite.ca\/blogue\/mieux-vivre-retraite-grace-a-residence-retraite\/","name":"r\u00e9sidence retraite","isPartOf":{"@id":"https:\/\/www.maresidenceretraite.ca\/blogue\/#website"},"primaryImageOfPage":{"@id":"https:\/\/www.maresidenceretraite.ca\/blogue\/mieux-vivre-retraite-grace-a-residence-retraite\/#primaryimage"},"image":{"@id":"https:\/\/www.maresidenceretraite.ca\/blogue\/mieux-vivre-retraite-grace-a-residence-retraite\/#primaryimage"},"thumbnailUrl":"https:\/\/www.maresidenceretraite.ca\/blogue\/wp-content\/uploads\/2021\/03\/ma-residence-retraite-sante-auditive.jpg","datePublished":"2022-05-26T14:45:46+00:00","dateModified":"2024-02-09T18:59:56+00:00","description":"Ma R\u00e9sidence Retraite est un site web qui se veut informatif, divertissant et pertinent pour les retrait\u00e9s des quatre coins du Qu\u00e9bec.","breadcrumb":{"@id":"https:\/\/www.maresidenceretraite.ca\/blogue\/mieux-vivre-retraite-grace-a-residence-retraite\/#breadcrumb"},"inLanguage":"fr-FR","potentialAction":[{"@type":"ReadAction","target":["https:\/\/www.maresidenceretraite.ca\/blogue\/mieux-vivre-retraite-grace-a-residence-retraite\/"]}]},{"@type":"ImageObject","inLanguage":"fr-FR","@id":"https:\/\/www.maresidenceretraite.ca\/blogue\/mieux-vivre-retraite-grace-a-residence-retraite\/#primaryimage","url":"https:\/\/www.maresidenceretraite.ca\/blogue\/wp-content\/uploads\/2021\/03\/ma-residence-retraite-sante-auditive.jpg","contentUrl":"https:\/\/www.maresidenceretraite.ca\/blogue\/wp-content\/uploads\/2021\/03\/ma-residence-retraite-sante-auditive.jpg","width":1820,"height":1200},{"@type":"BreadcrumbList","@id":"https:\/\/www.maresidenceretraite.ca\/blogue\/mieux-vivre-retraite-grace-a-residence-retraite\/#breadcrumb","itemListElement":[{"@type":"ListItem","position":1,"name":"Accueil","item":"https:\/\/www.maresidenceretraite.ca\/blogue\/"},{"@type":"ListItem","position":2,"name":"Mieux vivre sa retraite gr\u00e2ce \u00e0 Ma R\u00e9sidence Retraite"}]},{"@type":"WebSite","@id":"https:\/\/www.maresidenceretraite.ca\/blogue\/#website","url":"https:\/\/www.maresidenceretraite.ca\/blogue\/","name":"","description":"Articles traitant de la retraite et des a\u00een\u00e9s.","publisher":{"@id":"https:\/\/www.maresidenceretraite.ca\/blogue\/#organization"},"potentialAction":[{"@type":"SearchAction","target":{"@type":"EntryPoint","urlTemplate":"https:\/\/www.maresidenceretraite.ca\/blogue\/?s={search_term_string}"},"query-input":{"@type":"PropertyValueSpecification","valueRequired":true,"valueName":"search_term_string"}}],"inLanguage":"fr-FR"},{"@type":"Organization","@id":"https:\/\/www.maresidenceretraite.ca\/blogue\/#organization","name":"SiLO Communication","url":"https:\/\/www.maresidenceretraite.ca\/blogue\/","logo":{"@type":"ImageObject","inLanguage":"fr-FR","@id":"https:\/\/www.maresidenceretraite.ca\/blogue\/#\/schema\/logo\/image\/","url":"https:\/\/www.maresidenceretraite.ca\/blogue\/wp-content\/uploads\/2017\/07\/silo-logo-css.jpg","contentUrl":"https:\/\/www.maresidenceretraite.ca\/blogue\/wp-content\/uploads\/2017\/07\/silo-logo-css.jpg","width":600,"height":400,"caption":"SiLO Communication"},"image":{"@id":"https:\/\/www.maresidenceretraite.ca\/blogue\/#\/schema\/logo\/image\/"}},{"@type":"Person","@id":"https:\/\/www.maresidenceretraite.ca\/blogue\/#\/schema\/person\/4d1aba0fd7390e224ed79b4d767af4a7","name":"chloe neron","image":{"@type":"ImageObject","inLanguage":"fr-FR","@id":"https:\/\/secure.gravatar.com\/avatar\/06014cde71ca8e86331ba5fb4bab3af285f37989968f003dd7e5794ca2230b5e?s=96&d=mm&r=g","url":"https:\/\/secure.gravatar.com\/avatar\/06014cde71ca8e86331ba5fb4bab3af285f37989968f003dd7e5794ca2230b5e?s=96&d=mm&r=g","contentUrl":"https:\/\/secure.gravatar.com\/avatar\/06014cde71ca8e86331ba5fb4bab3af285f37989968f003dd7e5794ca2230b5e?s=96&d=mm&r=g","caption":"chloe neron"},"url":"https:\/\/www.maresidenceretraite.ca\/blogue\/author\/chloe_neron\/"}]}},"_links":{"self":[{"href":"https:\/\/www.maresidenceretraite.ca\/blogue\/wp-json\/wp\/v2\/posts\/1613","targetHints":{"allow":["GET"]}}],"collection":[{"href":"https:\/\/www.maresidenceretraite.ca\/blogue\/wp-json\/wp\/v2\/posts"}],"about":[{"href":"https:\/\/www.maresidenceretraite.ca\/blogue\/wp-json\/wp\/v2\/types\/post"}],"author":[{"embeddable":true,"href":"https:\/\/www.maresidenceretraite.ca\/blogue\/wp-json\/wp\/v2\/users\/9"}],"replies":[{"embeddable":true,"href":"https:\/\/www.maresidenceretraite.ca\/blogue\/wp-json\/wp\/v2\/comments?post=1613"}],"version-history":[{"count":1,"href":"https:\/\/www.maresidenceretraite.ca\/blogue\/wp-json\/wp\/v2\/posts\/1613\/revisions"}],"predecessor-version":[{"id":2024,"href":"https:\/\/www.maresidenceretraite.ca\/blogue\/wp-json\/wp\/v2\/posts\/1613\/revisions\/2024"}],"wp:featuredmedia":[{"embeddable":true,"href":"https:\/\/www.maresidenceretraite.ca\/blogue\/wp-json\/wp\/v2\/media\/1429"}],"wp:attachment":[{"href":"https:\/\/www.maresidenceretraite.ca\/blogue\/wp-json\/wp\/v2\/media?parent=1613"}],"wp:term":[{"taxonomy":"category","embeddable":true,"href":"https:\/\/www.maresidenceretraite.ca\/blogue\/wp-json\/wp\/v2\/categories?post=1613"},{"taxonomy":"post_tag","embeddable":true,"href":"https:\/\/www.maresidenceretraite.ca\/blogue\/wp-json\/wp\/v2\/tags?post=1613"}],"curies":[{"name":"wp","href":"https:\/\/api.w.org\/{rel}","templated":true}]}}