{"id":2065,"date":"2024-06-03T13:36:49","date_gmt":"2024-06-03T18:36:49","guid":{"rendered":"https:\/\/www.maresidenceretraite.ca\/blogue\/?p=2065"},"modified":"2024-06-03T13:36:49","modified_gmt":"2024-06-03T18:36:49","slug":"le-district-une-retraite-dexception-au-coeur-daylmer","status":"publish","type":"post","link":"https:\/\/www.maresidenceretraite.ca\/blogue\/le-district-une-retraite-dexception-au-coeur-daylmer\/","title":{"rendered":"Le District &#8211; Une retraite d&rsquo;exception au c\u0153ur d&rsquo;Aylmer"},"content":{"rendered":"\n<p><strong>Le District, un complexe locatif situ\u00e9 \u00e0 quelques minutes du centre-ville d&rsquo;Aylmer, red\u00e9finit la notion de retraite en offrant un mode de vie tout inclus et une panoplie d&rsquo;aires communes adapt\u00e9es aux besoins des r\u00e9sidents de 50 ans et plus. <\/strong><\/p>\n\n\n\n<figure class=\"wp-block-image size-large\"><img loading=\"lazy\" decoding=\"async\" width=\"1024\" height=\"604\" src=\"https:\/\/www.maresidenceretraite.ca\/blogue\/wp-content\/uploads\/2024\/02\/le_district_cour-1024x604.jpg\" alt=\"\" class=\"wp-image-2097\" srcset=\"https:\/\/www.maresidenceretraite.ca\/blogue\/wp-content\/uploads\/2024\/02\/le_district_cour-1024x604.jpg 1024w, https:\/\/www.maresidenceretraite.ca\/blogue\/wp-content\/uploads\/2024\/02\/le_district_cour-300x177.jpg 300w, https:\/\/www.maresidenceretraite.ca\/blogue\/wp-content\/uploads\/2024\/02\/le_district_cour-768x453.jpg 768w, https:\/\/www.maresidenceretraite.ca\/blogue\/wp-content\/uploads\/2024\/02\/le_district_cour.jpg 1125w\" sizes=\"auto, (max-width: 1024px) 100vw, 1024px\" \/><\/figure>\n\n\n\n<p>Avec des appartements de style condo, des services de soins personnalis\u00e9s et des installations de loisirs exceptionnelles, la r\u00e9sidence pour a\u00een\u00e9s <strong><a href=\"https:\/\/www.maresidenceretraite.ca\/le-district\/23518\/\" target=\"_blank\" rel=\"noreferrer noopener\">Le District<\/a><\/strong> se positionne comme une option de choix pour ceux et celles qui aspirent \u00e0 une retraite sans souci, empreinte de qui\u00e9tude et de bien-\u00eatre.<\/p>\n\n\n\n<h2 class=\"wp-block-heading\">Un concept novateur adapt\u00e9 aux diff\u00e9rents besoins<\/h2>\n\n\n\n<p>La singularit\u00e9 du District r\u00e9side dans son concept novateur, proposant une s\u00e9lection d&rsquo;appartements adapt\u00e9s \u00e0 diverses client\u00e8les! Les phases 1 et 2 du projet sont&nbsp;certifi\u00e9es en tant que r\u00e9sidences pour a\u00een\u00e9s (RPA) et offrent des services de soins de sant\u00e9, incluant la pr\u00e9sence d&rsquo;un m\u00e9decin sur place, des pr\u00e9pos\u00e9s aux b\u00e9n\u00e9ficiaires disponibles 24 heures sur 24 et un service d&rsquo;entretien m\u00e9nager hebdomadaire. La phase 3 propose, quant \u00e0 elle, des appartements pour retrait\u00e9s \u00e2g\u00e9s de 50 ans et plus sans besoins particuliers en mati\u00e8re de soins de sant\u00e9. <\/p>\n\n\n\n<figure class=\"wp-block-image size-large\"><img loading=\"lazy\" decoding=\"async\" width=\"1024\" height=\"604\" src=\"https:\/\/www.maresidenceretraite.ca\/blogue\/wp-content\/uploads\/2024\/02\/le_district_appartement-1024x604.jpg\" alt=\"Le District - appartement\" class=\"wp-image-2074\" srcset=\"https:\/\/www.maresidenceretraite.ca\/blogue\/wp-content\/uploads\/2024\/02\/le_district_appartement-1024x604.jpg 1024w, https:\/\/www.maresidenceretraite.ca\/blogue\/wp-content\/uploads\/2024\/02\/le_district_appartement-300x177.jpg 300w, https:\/\/www.maresidenceretraite.ca\/blogue\/wp-content\/uploads\/2024\/02\/le_district_appartement-768x453.jpg 768w, https:\/\/www.maresidenceretraite.ca\/blogue\/wp-content\/uploads\/2024\/02\/le_district_appartement.jpg 1125w\" sizes=\"auto, (max-width: 1024px) 100vw, 1024px\" \/><\/figure>\n\n\n\n<p>Ces diff\u00e9rentes phases assurent un environnement s\u00e9curitaire et adapt\u00e9 aux besoins sp\u00e9cifiques de chaque r\u00e9sident. De plus, tous ont acc\u00e8s aux multiples aires communes et aux activit\u00e9s de groupe. <\/p>\n\n\n\n<figure class=\"wp-block-image size-large\"><img loading=\"lazy\" decoding=\"async\" width=\"1024\" height=\"604\" src=\"https:\/\/www.maresidenceretraite.ca\/blogue\/wp-content\/uploads\/2024\/02\/le_district_ilot_cuisine-1024x604.jpg\" alt=\"Cuisine moderne avec finitions soign\u00e9es\" class=\"wp-image-2075\" srcset=\"https:\/\/www.maresidenceretraite.ca\/blogue\/wp-content\/uploads\/2024\/02\/le_district_ilot_cuisine-1024x604.jpg 1024w, https:\/\/www.maresidenceretraite.ca\/blogue\/wp-content\/uploads\/2024\/02\/le_district_ilot_cuisine-300x177.jpg 300w, https:\/\/www.maresidenceretraite.ca\/blogue\/wp-content\/uploads\/2024\/02\/le_district_ilot_cuisine-768x453.jpg 768w, https:\/\/www.maresidenceretraite.ca\/blogue\/wp-content\/uploads\/2024\/02\/le_district_ilot_cuisine.jpg 1125w\" sizes=\"auto, (max-width: 1024px) 100vw, 1024px\" \/><\/figure>\n\n\n\n<figure class=\"wp-block-image size-large\"><img loading=\"lazy\" decoding=\"async\" width=\"1024\" height=\"604\" src=\"https:\/\/www.maresidenceretraite.ca\/blogue\/wp-content\/uploads\/2024\/02\/le_district_salon-1024x604.jpg\" alt=\"salon chaleureux avec foyer\" class=\"wp-image-2076\" srcset=\"https:\/\/www.maresidenceretraite.ca\/blogue\/wp-content\/uploads\/2024\/02\/le_district_salon-1024x604.jpg 1024w, https:\/\/www.maresidenceretraite.ca\/blogue\/wp-content\/uploads\/2024\/02\/le_district_salon-300x177.jpg 300w, https:\/\/www.maresidenceretraite.ca\/blogue\/wp-content\/uploads\/2024\/02\/le_district_salon-768x453.jpg 768w, https:\/\/www.maresidenceretraite.ca\/blogue\/wp-content\/uploads\/2024\/02\/le_district_salon.jpg 1125w\" sizes=\"auto, (max-width: 1024px) 100vw, 1024px\" \/><\/figure>\n\n\n\n<figure class=\"wp-block-image size-large\"><img loading=\"lazy\" decoding=\"async\" width=\"1024\" height=\"604\" src=\"https:\/\/www.maresidenceretraite.ca\/blogue\/wp-content\/uploads\/2024\/02\/le_district_salle_a_manger-1024x604.jpg\" alt=\"Le District - appartement moderne pour retrait\u00e9s\" class=\"wp-image-2077\" srcset=\"https:\/\/www.maresidenceretraite.ca\/blogue\/wp-content\/uploads\/2024\/02\/le_district_salle_a_manger-1024x604.jpg 1024w, https:\/\/www.maresidenceretraite.ca\/blogue\/wp-content\/uploads\/2024\/02\/le_district_salle_a_manger-300x177.jpg 300w, https:\/\/www.maresidenceretraite.ca\/blogue\/wp-content\/uploads\/2024\/02\/le_district_salle_a_manger-768x453.jpg 768w, https:\/\/www.maresidenceretraite.ca\/blogue\/wp-content\/uploads\/2024\/02\/le_district_salle_a_manger.jpg 1125w\" sizes=\"auto, (max-width: 1024px) 100vw, 1024px\" \/><\/figure>\n\n\n\n<h2 class=\"wp-block-heading\">Un \u00e9ventail de services et d&rsquo;activit\u00e9s<\/h2>\n\n\n\n<p>Le District ne se limite pas \u00e0 offrir un toit et des soins de sant\u00e9; il s&rsquo;efforce \u00e9galement de cr\u00e9er une communaut\u00e9 dynamique et enrichissante. Les r\u00e9sidents ont acc\u00e8s \u00e0 une multitude d&rsquo;activit\u00e9s de groupe: des cours de yoga, de danse et d&rsquo;aquaforme, ainsi que des cours de cuisine pour stimuler la cr\u00e9ativit\u00e9 culinaire. Les \u00e9v\u00e9nements 5 \u00e0 7 avec musicien et les c\u00e9l\u00e9brations d&rsquo;anniversaires mensuelles renforcent \u00e9galement le sentiment d&rsquo;appartenance \u00e0 la communaut\u00e9.<\/p>\n\n\n\n<figure class=\"wp-block-image size-large\"><img loading=\"lazy\" decoding=\"async\" width=\"1024\" height=\"604\" src=\"https:\/\/www.maresidenceretraite.ca\/blogue\/wp-content\/uploads\/2024\/02\/le_district_cuisine-1024x604.jpg\" alt=\"Le District - unit\u00e9 avec finitions haut de gamme\" class=\"wp-image-2089\" srcset=\"https:\/\/www.maresidenceretraite.ca\/blogue\/wp-content\/uploads\/2024\/02\/le_district_cuisine-1024x604.jpg 1024w, https:\/\/www.maresidenceretraite.ca\/blogue\/wp-content\/uploads\/2024\/02\/le_district_cuisine-300x177.jpg 300w, https:\/\/www.maresidenceretraite.ca\/blogue\/wp-content\/uploads\/2024\/02\/le_district_cuisine-768x453.jpg 768w, https:\/\/www.maresidenceretraite.ca\/blogue\/wp-content\/uploads\/2024\/02\/le_district_cuisine.jpg 1125w\" sizes=\"auto, (max-width: 1024px) 100vw, 1024px\" \/><\/figure>\n\n\n\n<figure class=\"wp-block-image size-large\"><img loading=\"lazy\" decoding=\"async\" width=\"1024\" height=\"604\" src=\"https:\/\/www.maresidenceretraite.ca\/blogue\/wp-content\/uploads\/2024\/02\/le_district_couloir-1024x604.jpg\" alt=\"Couloir de l'appartement \" class=\"wp-image-2090\" srcset=\"https:\/\/www.maresidenceretraite.ca\/blogue\/wp-content\/uploads\/2024\/02\/le_district_couloir-1024x604.jpg 1024w, https:\/\/www.maresidenceretraite.ca\/blogue\/wp-content\/uploads\/2024\/02\/le_district_couloir-300x177.jpg 300w, https:\/\/www.maresidenceretraite.ca\/blogue\/wp-content\/uploads\/2024\/02\/le_district_couloir-768x453.jpg 768w, https:\/\/www.maresidenceretraite.ca\/blogue\/wp-content\/uploads\/2024\/02\/le_district_couloir.jpg 1125w\" sizes=\"auto, (max-width: 1024px) 100vw, 1024px\" \/><\/figure>\n\n\n\n<figure class=\"wp-block-image size-large\"><img loading=\"lazy\" decoding=\"async\" width=\"1024\" height=\"604\" src=\"https:\/\/www.maresidenceretraite.ca\/blogue\/wp-content\/uploads\/2024\/02\/le_district_salle_de_bain-1024x604.jpg\" alt=\"Salle de bain moderne\" class=\"wp-image-2081\" srcset=\"https:\/\/www.maresidenceretraite.ca\/blogue\/wp-content\/uploads\/2024\/02\/le_district_salle_de_bain-1024x604.jpg 1024w, https:\/\/www.maresidenceretraite.ca\/blogue\/wp-content\/uploads\/2024\/02\/le_district_salle_de_bain-300x177.jpg 300w, https:\/\/www.maresidenceretraite.ca\/blogue\/wp-content\/uploads\/2024\/02\/le_district_salle_de_bain-768x453.jpg 768w, https:\/\/www.maresidenceretraite.ca\/blogue\/wp-content\/uploads\/2024\/02\/le_district_salle_de_bain.jpg 1125w\" sizes=\"auto, (max-width: 1024px) 100vw, 1024px\" \/><\/figure>\n\n\n\n<p>Toutes les unit\u00e9s du District sont modernes et soign\u00e9es d\u2019une finition irr\u00e9prochable provenant de mat\u00e9riaux de premi\u00e8re qualit\u00e9.<\/p>\n\n\n\n<h2 class=\"wp-block-heading\">Un emplacement de choix<\/h2>\n\n\n\n<figure class=\"wp-block-image size-large\"><img loading=\"lazy\" decoding=\"async\" width=\"1024\" height=\"604\" src=\"https:\/\/www.maresidenceretraite.ca\/blogue\/wp-content\/uploads\/2024\/02\/le_district_complexe-1024x604.jpg\" alt=\"Le District - b\u00e2timents des 3 phases\" class=\"wp-image-2079\" srcset=\"https:\/\/www.maresidenceretraite.ca\/blogue\/wp-content\/uploads\/2024\/02\/le_district_complexe-1024x604.jpg 1024w, https:\/\/www.maresidenceretraite.ca\/blogue\/wp-content\/uploads\/2024\/02\/le_district_complexe-300x177.jpg 300w, https:\/\/www.maresidenceretraite.ca\/blogue\/wp-content\/uploads\/2024\/02\/le_district_complexe-768x453.jpg 768w, https:\/\/www.maresidenceretraite.ca\/blogue\/wp-content\/uploads\/2024\/02\/le_district_complexe.jpg 1125w\" sizes=\"auto, (max-width: 1024px) 100vw, 1024px\" \/><\/figure>\n\n\n\n<p>Situ\u00e9 \u00e0 proximit\u00e9 d&rsquo;Ottawa, du club de golf Rivermead et des pistes cyclables, le District offre non seulement un lieu de vie exceptionnel au c\u0153ur de la nature, mais \u00e9galement un acc\u00e8s facile aux activit\u00e9s ext\u00e9rieures. La diversit\u00e9 des activit\u00e9s et des services disponibles cr\u00e9e un \u00e9quilibre parfait entre la tranquillit\u00e9 d&rsquo;un chez-soi confortable et la possibilit\u00e9 de d\u00e9couvrir de nouvelles exp\u00e9riences \u00e0 quelques pas.<\/p>\n\n\n\n<p>Pour tous les d\u00e9tails, consultez la fiche de la r\u00e9sidence le District <strong><a href=\"https:\/\/www.maresidenceretraite.ca\/le-district\/23518\/\" target=\"_blank\" rel=\"noreferrer noopener\">sur le site web Ma R\u00e9sidence Retraite<\/a><\/strong>. <\/p>\n","protected":false},"excerpt":{"rendered":"<p>Le District, un complexe locatif situ\u00e9 \u00e0 quelques minutes du centre-ville d&rsquo;Aylmer, red\u00e9finit la notion de retraite en offrant un mode de vie tout inclus et une panoplie d&rsquo;aires communes adapt\u00e9es aux besoins des r\u00e9sidents de 50 ans et plus. Avec des appartements de style condo, des services de soins personnalis\u00e9s et des installations de [&hellip;]<\/p>\n","protected":false},"author":9,"featured_media":2098,"comment_status":"open","ping_status":"open","sticky":false,"template":"","format":"standard","meta":{"footnotes":""},"categories":[16],"tags":[59,54,68,35],"class_list":["post-2065","post","type-post","status-publish","format-standard","has-post-thumbnail","hentry","category-visites-de-residence","tag-ma-residence-retraite","tag-residence-pour-personnes-agees","tag-residences","tag-retraite"],"yoast_head":"<!-- This site is optimized with the Yoast SEO plugin v27.4 - https:\/\/yoast.com\/product\/yoast-seo-wordpress\/ -->\n<title>Le District - Une retraite d&#039;exception au c\u0153ur d&#039;Aylmer -<\/title>\n<meta name=\"description\" content=\"Le District est un complexe pour retrait\u00e9s de 50 ans et plus qui offre un milieu de vie exceptionnel au coeur de la nature, \u00e0 Gatineau.\" \/>\n<meta name=\"robots\" content=\"index, follow, max-snippet:-1, max-image-preview:large, max-video-preview:-1\" \/>\n<link rel=\"canonical\" href=\"https:\/\/www.maresidenceretraite.ca\/blogue\/le-district-une-retraite-dexception-au-coeur-daylmer\/\" \/>\n<meta property=\"og:locale\" content=\"fr_FR\" \/>\n<meta property=\"og:type\" content=\"article\" \/>\n<meta property=\"og:title\" content=\"Le District - Une retraite d&#039;exception au c\u0153ur d&#039;Aylmer -\" \/>\n<meta property=\"og:description\" content=\"Le District est un complexe pour retrait\u00e9s de 50 ans et plus qui offre un milieu de vie exceptionnel au coeur de la nature, \u00e0 Gatineau.\" \/>\n<meta property=\"og:url\" content=\"https:\/\/www.maresidenceretraite.ca\/blogue\/le-district-une-retraite-dexception-au-coeur-daylmer\/\" \/>\n<meta property=\"article:published_time\" content=\"2024-06-03T18:36:49+00:00\" \/>\n<meta property=\"og:image\" content=\"https:\/\/www.maresidenceretraite.ca\/blogue\/wp-content\/uploads\/2024\/02\/le_district_appart.jpg\" \/>\n\t<meta property=\"og:image:width\" content=\"1125\" \/>\n\t<meta property=\"og:image:height\" content=\"664\" \/>\n\t<meta property=\"og:image:type\" content=\"image\/jpeg\" \/>\n<meta name=\"author\" content=\"chloe neron\" \/>\n<meta name=\"twitter:card\" content=\"summary_large_image\" \/>\n<meta name=\"twitter:label1\" content=\"Written by\" \/>\n\t<meta name=\"twitter:data1\" content=\"chloe neron\" \/>\n\t<meta name=\"twitter:label2\" content=\"Est. reading time\" \/>\n\t<meta name=\"twitter:data2\" content=\"4 minutes\" \/>\n<script type=\"application\/ld+json\" class=\"yoast-schema-graph\">{\"@context\":\"https:\\\/\\\/schema.org\",\"@graph\":[{\"@type\":\"Article\",\"@id\":\"https:\\\/\\\/www.maresidenceretraite.ca\\\/blogue\\\/le-district-une-retraite-dexception-au-coeur-daylmer\\\/#article\",\"isPartOf\":{\"@id\":\"https:\\\/\\\/www.maresidenceretraite.ca\\\/blogue\\\/le-district-une-retraite-dexception-au-coeur-daylmer\\\/\"},\"author\":{\"name\":\"chloe neron\",\"@id\":\"https:\\\/\\\/www.maresidenceretraite.ca\\\/blogue\\\/#\\\/schema\\\/person\\\/4d1aba0fd7390e224ed79b4d767af4a7\"},\"headline\":\"Le District &#8211; Une retraite d&rsquo;exception au c\u0153ur d&rsquo;Aylmer\",\"datePublished\":\"2024-06-03T18:36:49+00:00\",\"mainEntityOfPage\":{\"@id\":\"https:\\\/\\\/www.maresidenceretraite.ca\\\/blogue\\\/le-district-une-retraite-dexception-au-coeur-daylmer\\\/\"},\"wordCount\":450,\"commentCount\":0,\"publisher\":{\"@id\":\"https:\\\/\\\/www.maresidenceretraite.ca\\\/blogue\\\/#organization\"},\"image\":{\"@id\":\"https:\\\/\\\/www.maresidenceretraite.ca\\\/blogue\\\/le-district-une-retraite-dexception-au-coeur-daylmer\\\/#primaryimage\"},\"thumbnailUrl\":\"https:\\\/\\\/www.maresidenceretraite.ca\\\/blogue\\\/wp-content\\\/uploads\\\/2024\\\/02\\\/le_district_appart.jpg\",\"keywords\":[\"ma r\u00e9sidence retraite\",\"r\u00e9sidence pour personnes \u00e2g\u00e9es\",\"r\u00e9sidences\",\"retraite\"],\"articleSection\":[\"VISITES DE R\u00c9SIDENCE\"],\"inLanguage\":\"fr-FR\",\"potentialAction\":[{\"@type\":\"CommentAction\",\"name\":\"Comment\",\"target\":[\"https:\\\/\\\/www.maresidenceretraite.ca\\\/blogue\\\/le-district-une-retraite-dexception-au-coeur-daylmer\\\/#respond\"]}]},{\"@type\":\"WebPage\",\"@id\":\"https:\\\/\\\/www.maresidenceretraite.ca\\\/blogue\\\/le-district-une-retraite-dexception-au-coeur-daylmer\\\/\",\"url\":\"https:\\\/\\\/www.maresidenceretraite.ca\\\/blogue\\\/le-district-une-retraite-dexception-au-coeur-daylmer\\\/\",\"name\":\"Le District - Une retraite d'exception au c\u0153ur d'Aylmer -\",\"isPartOf\":{\"@id\":\"https:\\\/\\\/www.maresidenceretraite.ca\\\/blogue\\\/#website\"},\"primaryImageOfPage\":{\"@id\":\"https:\\\/\\\/www.maresidenceretraite.ca\\\/blogue\\\/le-district-une-retraite-dexception-au-coeur-daylmer\\\/#primaryimage\"},\"image\":{\"@id\":\"https:\\\/\\\/www.maresidenceretraite.ca\\\/blogue\\\/le-district-une-retraite-dexception-au-coeur-daylmer\\\/#primaryimage\"},\"thumbnailUrl\":\"https:\\\/\\\/www.maresidenceretraite.ca\\\/blogue\\\/wp-content\\\/uploads\\\/2024\\\/02\\\/le_district_appart.jpg\",\"datePublished\":\"2024-06-03T18:36:49+00:00\",\"description\":\"Le District est un complexe pour retrait\u00e9s de 50 ans et plus qui offre un milieu de vie exceptionnel au coeur de la nature, \u00e0 Gatineau.\",\"breadcrumb\":{\"@id\":\"https:\\\/\\\/www.maresidenceretraite.ca\\\/blogue\\\/le-district-une-retraite-dexception-au-coeur-daylmer\\\/#breadcrumb\"},\"inLanguage\":\"fr-FR\",\"potentialAction\":[{\"@type\":\"ReadAction\",\"target\":[\"https:\\\/\\\/www.maresidenceretraite.ca\\\/blogue\\\/le-district-une-retraite-dexception-au-coeur-daylmer\\\/\"]}]},{\"@type\":\"ImageObject\",\"inLanguage\":\"fr-FR\",\"@id\":\"https:\\\/\\\/www.maresidenceretraite.ca\\\/blogue\\\/le-district-une-retraite-dexception-au-coeur-daylmer\\\/#primaryimage\",\"url\":\"https:\\\/\\\/www.maresidenceretraite.ca\\\/blogue\\\/wp-content\\\/uploads\\\/2024\\\/02\\\/le_district_appart.jpg\",\"contentUrl\":\"https:\\\/\\\/www.maresidenceretraite.ca\\\/blogue\\\/wp-content\\\/uploads\\\/2024\\\/02\\\/le_district_appart.jpg\",\"width\":1125,\"height\":664},{\"@type\":\"BreadcrumbList\",\"@id\":\"https:\\\/\\\/www.maresidenceretraite.ca\\\/blogue\\\/le-district-une-retraite-dexception-au-coeur-daylmer\\\/#breadcrumb\",\"itemListElement\":[{\"@type\":\"ListItem\",\"position\":1,\"name\":\"Accueil\",\"item\":\"https:\\\/\\\/www.maresidenceretraite.ca\\\/blogue\\\/\"},{\"@type\":\"ListItem\",\"position\":2,\"name\":\"Le District &#8211; Une retraite d&rsquo;exception au c\u0153ur d&rsquo;Aylmer\"}]},{\"@type\":\"WebSite\",\"@id\":\"https:\\\/\\\/www.maresidenceretraite.ca\\\/blogue\\\/#website\",\"url\":\"https:\\\/\\\/www.maresidenceretraite.ca\\\/blogue\\\/\",\"name\":\"\",\"description\":\"Articles traitant de la retraite et des a\u00een\u00e9s.\",\"publisher\":{\"@id\":\"https:\\\/\\\/www.maresidenceretraite.ca\\\/blogue\\\/#organization\"},\"potentialAction\":[{\"@type\":\"SearchAction\",\"target\":{\"@type\":\"EntryPoint\",\"urlTemplate\":\"https:\\\/\\\/www.maresidenceretraite.ca\\\/blogue\\\/?s={search_term_string}\"},\"query-input\":{\"@type\":\"PropertyValueSpecification\",\"valueRequired\":true,\"valueName\":\"search_term_string\"}}],\"inLanguage\":\"fr-FR\"},{\"@type\":\"Organization\",\"@id\":\"https:\\\/\\\/www.maresidenceretraite.ca\\\/blogue\\\/#organization\",\"name\":\"SiLO Communication\",\"url\":\"https:\\\/\\\/www.maresidenceretraite.ca\\\/blogue\\\/\",\"logo\":{\"@type\":\"ImageObject\",\"inLanguage\":\"fr-FR\",\"@id\":\"https:\\\/\\\/www.maresidenceretraite.ca\\\/blogue\\\/#\\\/schema\\\/logo\\\/image\\\/\",\"url\":\"https:\\\/\\\/www.maresidenceretraite.ca\\\/blogue\\\/wp-content\\\/uploads\\\/2017\\\/07\\\/silo-logo-css.jpg\",\"contentUrl\":\"https:\\\/\\\/www.maresidenceretraite.ca\\\/blogue\\\/wp-content\\\/uploads\\\/2017\\\/07\\\/silo-logo-css.jpg\",\"width\":600,\"height\":400,\"caption\":\"SiLO Communication\"},\"image\":{\"@id\":\"https:\\\/\\\/www.maresidenceretraite.ca\\\/blogue\\\/#\\\/schema\\\/logo\\\/image\\\/\"}},{\"@type\":\"Person\",\"@id\":\"https:\\\/\\\/www.maresidenceretraite.ca\\\/blogue\\\/#\\\/schema\\\/person\\\/4d1aba0fd7390e224ed79b4d767af4a7\",\"name\":\"chloe neron\",\"image\":{\"@type\":\"ImageObject\",\"inLanguage\":\"fr-FR\",\"@id\":\"https:\\\/\\\/secure.gravatar.com\\\/avatar\\\/06014cde71ca8e86331ba5fb4bab3af285f37989968f003dd7e5794ca2230b5e?s=96&d=mm&r=g\",\"url\":\"https:\\\/\\\/secure.gravatar.com\\\/avatar\\\/06014cde71ca8e86331ba5fb4bab3af285f37989968f003dd7e5794ca2230b5e?s=96&d=mm&r=g\",\"contentUrl\":\"https:\\\/\\\/secure.gravatar.com\\\/avatar\\\/06014cde71ca8e86331ba5fb4bab3af285f37989968f003dd7e5794ca2230b5e?s=96&d=mm&r=g\",\"caption\":\"chloe neron\"},\"url\":\"https:\\\/\\\/www.maresidenceretraite.ca\\\/blogue\\\/author\\\/chloe_neron\\\/\"}]}<\/script>\n<!-- \/ Yoast SEO plugin. -->","yoast_head_json":{"title":"Le District - Une retraite d'exception au c\u0153ur d'Aylmer -","description":"Le District est un complexe pour retrait\u00e9s de 50 ans et plus qui offre un milieu de vie exceptionnel au coeur de la nature, \u00e0 Gatineau.","robots":{"index":"index","follow":"follow","max-snippet":"max-snippet:-1","max-image-preview":"max-image-preview:large","max-video-preview":"max-video-preview:-1"},"canonical":"https:\/\/www.maresidenceretraite.ca\/blogue\/le-district-une-retraite-dexception-au-coeur-daylmer\/","og_locale":"fr_FR","og_type":"article","og_title":"Le District - Une retraite d'exception au c\u0153ur d'Aylmer -","og_description":"Le District est un complexe pour retrait\u00e9s de 50 ans et plus qui offre un milieu de vie exceptionnel au coeur de la nature, \u00e0 Gatineau.","og_url":"https:\/\/www.maresidenceretraite.ca\/blogue\/le-district-une-retraite-dexception-au-coeur-daylmer\/","article_published_time":"2024-06-03T18:36:49+00:00","og_image":[{"width":1125,"height":664,"url":"https:\/\/www.maresidenceretraite.ca\/blogue\/wp-content\/uploads\/2024\/02\/le_district_appart.jpg","type":"image\/jpeg"}],"author":"chloe neron","twitter_card":"summary_large_image","twitter_misc":{"Written by":"chloe neron","Est. reading time":"4 minutes"},"schema":{"@context":"https:\/\/schema.org","@graph":[{"@type":"Article","@id":"https:\/\/www.maresidenceretraite.ca\/blogue\/le-district-une-retraite-dexception-au-coeur-daylmer\/#article","isPartOf":{"@id":"https:\/\/www.maresidenceretraite.ca\/blogue\/le-district-une-retraite-dexception-au-coeur-daylmer\/"},"author":{"name":"chloe neron","@id":"https:\/\/www.maresidenceretraite.ca\/blogue\/#\/schema\/person\/4d1aba0fd7390e224ed79b4d767af4a7"},"headline":"Le District &#8211; Une retraite d&rsquo;exception au c\u0153ur d&rsquo;Aylmer","datePublished":"2024-06-03T18:36:49+00:00","mainEntityOfPage":{"@id":"https:\/\/www.maresidenceretraite.ca\/blogue\/le-district-une-retraite-dexception-au-coeur-daylmer\/"},"wordCount":450,"commentCount":0,"publisher":{"@id":"https:\/\/www.maresidenceretraite.ca\/blogue\/#organization"},"image":{"@id":"https:\/\/www.maresidenceretraite.ca\/blogue\/le-district-une-retraite-dexception-au-coeur-daylmer\/#primaryimage"},"thumbnailUrl":"https:\/\/www.maresidenceretraite.ca\/blogue\/wp-content\/uploads\/2024\/02\/le_district_appart.jpg","keywords":["ma r\u00e9sidence retraite","r\u00e9sidence pour personnes \u00e2g\u00e9es","r\u00e9sidences","retraite"],"articleSection":["VISITES DE R\u00c9SIDENCE"],"inLanguage":"fr-FR","potentialAction":[{"@type":"CommentAction","name":"Comment","target":["https:\/\/www.maresidenceretraite.ca\/blogue\/le-district-une-retraite-dexception-au-coeur-daylmer\/#respond"]}]},{"@type":"WebPage","@id":"https:\/\/www.maresidenceretraite.ca\/blogue\/le-district-une-retraite-dexception-au-coeur-daylmer\/","url":"https:\/\/www.maresidenceretraite.ca\/blogue\/le-district-une-retraite-dexception-au-coeur-daylmer\/","name":"Le District - Une retraite d'exception au c\u0153ur d'Aylmer -","isPartOf":{"@id":"https:\/\/www.maresidenceretraite.ca\/blogue\/#website"},"primaryImageOfPage":{"@id":"https:\/\/www.maresidenceretraite.ca\/blogue\/le-district-une-retraite-dexception-au-coeur-daylmer\/#primaryimage"},"image":{"@id":"https:\/\/www.maresidenceretraite.ca\/blogue\/le-district-une-retraite-dexception-au-coeur-daylmer\/#primaryimage"},"thumbnailUrl":"https:\/\/www.maresidenceretraite.ca\/blogue\/wp-content\/uploads\/2024\/02\/le_district_appart.jpg","datePublished":"2024-06-03T18:36:49+00:00","description":"Le District est un complexe pour retrait\u00e9s de 50 ans et plus qui offre un milieu de vie exceptionnel au coeur de la nature, \u00e0 Gatineau.","breadcrumb":{"@id":"https:\/\/www.maresidenceretraite.ca\/blogue\/le-district-une-retraite-dexception-au-coeur-daylmer\/#breadcrumb"},"inLanguage":"fr-FR","potentialAction":[{"@type":"ReadAction","target":["https:\/\/www.maresidenceretraite.ca\/blogue\/le-district-une-retraite-dexception-au-coeur-daylmer\/"]}]},{"@type":"ImageObject","inLanguage":"fr-FR","@id":"https:\/\/www.maresidenceretraite.ca\/blogue\/le-district-une-retraite-dexception-au-coeur-daylmer\/#primaryimage","url":"https:\/\/www.maresidenceretraite.ca\/blogue\/wp-content\/uploads\/2024\/02\/le_district_appart.jpg","contentUrl":"https:\/\/www.maresidenceretraite.ca\/blogue\/wp-content\/uploads\/2024\/02\/le_district_appart.jpg","width":1125,"height":664},{"@type":"BreadcrumbList","@id":"https:\/\/www.maresidenceretraite.ca\/blogue\/le-district-une-retraite-dexception-au-coeur-daylmer\/#breadcrumb","itemListElement":[{"@type":"ListItem","position":1,"name":"Accueil","item":"https:\/\/www.maresidenceretraite.ca\/blogue\/"},{"@type":"ListItem","position":2,"name":"Le District &#8211; Une retraite d&rsquo;exception au c\u0153ur d&rsquo;Aylmer"}]},{"@type":"WebSite","@id":"https:\/\/www.maresidenceretraite.ca\/blogue\/#website","url":"https:\/\/www.maresidenceretraite.ca\/blogue\/","name":"","description":"Articles traitant de la retraite et des a\u00een\u00e9s.","publisher":{"@id":"https:\/\/www.maresidenceretraite.ca\/blogue\/#organization"},"potentialAction":[{"@type":"SearchAction","target":{"@type":"EntryPoint","urlTemplate":"https:\/\/www.maresidenceretraite.ca\/blogue\/?s={search_term_string}"},"query-input":{"@type":"PropertyValueSpecification","valueRequired":true,"valueName":"search_term_string"}}],"inLanguage":"fr-FR"},{"@type":"Organization","@id":"https:\/\/www.maresidenceretraite.ca\/blogue\/#organization","name":"SiLO Communication","url":"https:\/\/www.maresidenceretraite.ca\/blogue\/","logo":{"@type":"ImageObject","inLanguage":"fr-FR","@id":"https:\/\/www.maresidenceretraite.ca\/blogue\/#\/schema\/logo\/image\/","url":"https:\/\/www.maresidenceretraite.ca\/blogue\/wp-content\/uploads\/2017\/07\/silo-logo-css.jpg","contentUrl":"https:\/\/www.maresidenceretraite.ca\/blogue\/wp-content\/uploads\/2017\/07\/silo-logo-css.jpg","width":600,"height":400,"caption":"SiLO Communication"},"image":{"@id":"https:\/\/www.maresidenceretraite.ca\/blogue\/#\/schema\/logo\/image\/"}},{"@type":"Person","@id":"https:\/\/www.maresidenceretraite.ca\/blogue\/#\/schema\/person\/4d1aba0fd7390e224ed79b4d767af4a7","name":"chloe neron","image":{"@type":"ImageObject","inLanguage":"fr-FR","@id":"https:\/\/secure.gravatar.com\/avatar\/06014cde71ca8e86331ba5fb4bab3af285f37989968f003dd7e5794ca2230b5e?s=96&d=mm&r=g","url":"https:\/\/secure.gravatar.com\/avatar\/06014cde71ca8e86331ba5fb4bab3af285f37989968f003dd7e5794ca2230b5e?s=96&d=mm&r=g","contentUrl":"https:\/\/secure.gravatar.com\/avatar\/06014cde71ca8e86331ba5fb4bab3af285f37989968f003dd7e5794ca2230b5e?s=96&d=mm&r=g","caption":"chloe neron"},"url":"https:\/\/www.maresidenceretraite.ca\/blogue\/author\/chloe_neron\/"}]}},"_links":{"self":[{"href":"https:\/\/www.maresidenceretraite.ca\/blogue\/wp-json\/wp\/v2\/posts\/2065","targetHints":{"allow":["GET"]}}],"collection":[{"href":"https:\/\/www.maresidenceretraite.ca\/blogue\/wp-json\/wp\/v2\/posts"}],"about":[{"href":"https:\/\/www.maresidenceretraite.ca\/blogue\/wp-json\/wp\/v2\/types\/post"}],"author":[{"embeddable":true,"href":"https:\/\/www.maresidenceretraite.ca\/blogue\/wp-json\/wp\/v2\/users\/9"}],"replies":[{"embeddable":true,"href":"https:\/\/www.maresidenceretraite.ca\/blogue\/wp-json\/wp\/v2\/comments?post=2065"}],"version-history":[{"count":24,"href":"https:\/\/www.maresidenceretraite.ca\/blogue\/wp-json\/wp\/v2\/posts\/2065\/revisions"}],"predecessor-version":[{"id":2328,"href":"https:\/\/www.maresidenceretraite.ca\/blogue\/wp-json\/wp\/v2\/posts\/2065\/revisions\/2328"}],"wp:featuredmedia":[{"embeddable":true,"href":"https:\/\/www.maresidenceretraite.ca\/blogue\/wp-json\/wp\/v2\/media\/2098"}],"wp:attachment":[{"href":"https:\/\/www.maresidenceretraite.ca\/blogue\/wp-json\/wp\/v2\/media?parent=2065"}],"wp:term":[{"taxonomy":"category","embeddable":true,"href":"https:\/\/www.maresidenceretraite.ca\/blogue\/wp-json\/wp\/v2\/categories?post=2065"},{"taxonomy":"post_tag","embeddable":true,"href":"https:\/\/www.maresidenceretraite.ca\/blogue\/wp-json\/wp\/v2\/tags?post=2065"}],"curies":[{"name":"wp","href":"https:\/\/api.w.org\/{rel}","templated":true}]}}