{"id":2799,"date":"2026-03-17T15:26:33","date_gmt":"2026-03-17T19:26:33","guid":{"rendered":"https:\/\/www.maresidenceretraite.ca\/blogue\/?p=2799"},"modified":"2026-03-17T15:29:01","modified_gmt":"2026-03-17T19:29:01","slug":"eviction-illegale-en-rpa-le-tal-condamne-la-residence-a-verser-plus-de-12-000-a-la-residente-de-96-ans","status":"publish","type":"post","link":"https:\/\/www.maresidenceretraite.ca\/blogue\/eviction-illegale-en-rpa-le-tal-condamne-la-residence-a-verser-plus-de-12-000-a-la-residente-de-96-ans\/","title":{"rendered":"\u00c9viction ill\u00e9gale en RPA : le TAL condamne la r\u00e9sidence \u00e0 verser plus de 12 000$ \u00e0 la r\u00e9sidente de 96 ans"},"content":{"rendered":"\n<p><strong>Une r\u00e9sidente de 96 ans de Saint-Jean-sur-Richelieu a remport\u00e9 une victoire juridique significative apr\u00e8s avoir \u00e9t\u00e9 \u00e9vinc\u00e9e ill\u00e9galement de son logement dans une r\u00e9sidence priv\u00e9e pour a\u00een\u00e9s (RPA). Le Tribunal administratif du logement (TAL) a condamn\u00e9 la r\u00e9sidence Chartwell Oasis Saint-Jean \u00e0 lui verser plus de 12 170$ en dommages et int\u00e9r\u00eats, tout en r\u00e9tablissant son ancien bail.<\/strong><\/p>\n\n\n\n<h3 class=\"wp-block-heading\">Une \u00e9viction ill\u00e9gale malgr\u00e9 le moratoire<\/h3>\n\n\n\n<p>Durant les vacances de No\u00ebl 2024, Claire P\u00e9pin-H\u00e9bert a \u00e9t\u00e9 contrainte de quitter son logement apr\u00e8s que la r\u00e9sidence eut affirm\u00e9 devoir r\u00e9aliser des travaux majeurs dans son unit\u00e9 pour se conformer aux r\u00e8glements municipaux. Les r\u00e9novations ont d\u00e9but\u00e9 en janvier 2025 et, entre-temps, la locataire a \u00e9t\u00e9 relog\u00e9e dans un autre appartement de la RPA, o\u00f9 son loyer est pass\u00e9 de 965$ \u00e0 1 250$ par mois. De plus, son ancien logement, initialement d\u2019une seule pi\u00e8ce, a \u00e9t\u00e9 transform\u00e9 en 3 1\u20442, accentuant le d\u00e9savantage subi. <\/p>\n\n\n\n<figure class=\"wp-block-image size-large\"><img loading=\"lazy\" decoding=\"async\" width=\"1024\" height=\"604\" src=\"https:\/\/www.maresidenceretraite.ca\/blogue\/wp-content\/uploads\/2026\/03\/eviction_illegale_rpa-1024x604.jpg\" alt=\"Claire P\u00e9pin-H\u00e9bert a subi une \u00e9viction ill\u00e9gale\" class=\"wp-image-2805\" srcset=\"https:\/\/www.maresidenceretraite.ca\/blogue\/wp-content\/uploads\/2026\/03\/eviction_illegale_rpa-1024x604.jpg 1024w, https:\/\/www.maresidenceretraite.ca\/blogue\/wp-content\/uploads\/2026\/03\/eviction_illegale_rpa-300x177.jpg 300w, https:\/\/www.maresidenceretraite.ca\/blogue\/wp-content\/uploads\/2026\/03\/eviction_illegale_rpa-768x453.jpg 768w, https:\/\/www.maresidenceretraite.ca\/blogue\/wp-content\/uploads\/2026\/03\/eviction_illegale_rpa.jpg 1125w\" sizes=\"auto, (max-width: 1024px) 100vw, 1024px\" \/><figcaption class=\"wp-element-caption\">Claire P\u00e9pin-H\u00e9bert<\/figcaption><\/figure>\n\n\n\n<p>Le Tribunal administratif du logement (TAL) a conclu que cette expulsion constituait bel et bien une \u00e9viction ill\u00e9gale. La juge Stella Croteau pr\u00e9cise que la r\u00e9sidence a profit\u00e9 d\u2019une situation de non-conformit\u00e9 pour expulser la locataire, portant atteinte \u00e0 son droit de maintien dans les lieux. Elle reproche \u00e9galement \u00e0 Chartwell Oasis Saint-Jean d\u2019avoir enfreint le moratoire interdisant toute \u00e9viction entre le 6 juin 2024 et le 6 juin 2027.<\/p>\n\n\n\n<p>En effet, depuis le 6\u202fjuin 2024, pour une dur\u00e9e de trois ans, il est interdit au propri\u00e9taire d\u2019un logement d\u2019en \u00e9vincer le locataire pour subdiviser le logement, l\u2019agrandir de mani\u00e8re importante ou pour en changer l\u2019usage.&nbsp;<\/p>\n\n\n\n<h3 class=\"wp-block-heading\">Un consentement vici\u00e9 <\/h3>\n\n\n\n<p>La juge a not\u00e9 que Mme P\u00e9pin-H\u00e9bert n\u2019avait jamais re\u00e7u l\u2019information n\u00e9cessaire pour faire valoir ses droits, notamment la possibilit\u00e9 de refuser ou de contester son \u00e9viction. Selon elle, ces omissions d\u00e9lib\u00e9r\u00e9es ont \u00e9t\u00e9 particuli\u00e8rement pr\u00e9judiciables en raison de l\u2019\u00e2ge avanc\u00e9 de la locataire, dont le consentement a \u00e9t\u00e9 alt\u00e9r\u00e9 faute d\u2019avoir \u00e9t\u00e9 ad\u00e9quatement inform\u00e9e.<\/p>\n\n\n\n<p>En plus de reconna\u00eetre l\u2019ill\u00e9galit\u00e9 de l\u2019\u00e9viction, le Tribunal administratif du logement a condamn\u00e9 la r\u00e9sidence \u00e0 verser plus de 12 170$ en dommages et int\u00e9r\u00eats \u00e0 Mme P\u00e9pin-H\u00e9bert. Le Tribunal a \u00e9galement r\u00e9tabli son ancien bail, permettant un retour au loyer initial de 965$ par mois.<\/p>\n\n\n\n<h3 class=\"wp-block-heading\">Une \u00e9viction ill\u00e9gale pour plusieurs r\u00e9sidents<\/h3>\n\n\n\n<p>Lors de l\u2019audience, la directrice g\u00e9n\u00e9rale de la RPA, Tania Chouinard-Lague, a confirm\u00e9 que quatre autres a\u00een\u00e9s avaient \u00e9t\u00e9 \u00e9vinc\u00e9s de mani\u00e8re similaire. La RPA affirme qu\u2019elle respectera les ordonnances rendues par la cour. <\/p>\n\n\n\n<figure class=\"wp-block-image size-large\"><img loading=\"lazy\" decoding=\"async\" width=\"1024\" height=\"604\" src=\"https:\/\/www.maresidenceretraite.ca\/blogue\/wp-content\/uploads\/2026\/03\/residence_oasis_jean_jean-1024x604.jpg\" alt=\"r\u00e9sidence Chartwell Oasis Saint-Jean\" class=\"wp-image-2806\" srcset=\"https:\/\/www.maresidenceretraite.ca\/blogue\/wp-content\/uploads\/2026\/03\/residence_oasis_jean_jean-1024x604.jpg 1024w, https:\/\/www.maresidenceretraite.ca\/blogue\/wp-content\/uploads\/2026\/03\/residence_oasis_jean_jean-300x177.jpg 300w, https:\/\/www.maresidenceretraite.ca\/blogue\/wp-content\/uploads\/2026\/03\/residence_oasis_jean_jean-768x453.jpg 768w, https:\/\/www.maresidenceretraite.ca\/blogue\/wp-content\/uploads\/2026\/03\/residence_oasis_jean_jean.jpg 1125w\" sizes=\"auto, (max-width: 1024px) 100vw, 1024px\" \/><\/figure>\n\n\n\n<p>La famille de Mme P\u00e9pin-H\u00e9bert a pr\u00e9cis\u00e9 que leur d\u00e9marche en justice visait surtout \u00e0 prot\u00e9ger d\u2019autres personnes \u00e2g\u00e9es et \u00e0 cr\u00e9er un pr\u00e9c\u00e9dent pour que de telles situations ne se reproduisent plus. <\/p>\n\n\n\n<h3 class=\"wp-block-heading\">Un signal fort pour toutes les RPA<\/h3>\n\n\n\n<p>Le pr\u00e9sident de la FADOQ, Yves Bouchard, salue le courage de la locataire et de sa famille et rappelle que les droits des personnes a\u00een\u00e9es doivent \u00eatre respect\u00e9s, sans exception. Il invite toutes les r\u00e9sidences pour a\u00een\u00e9s \u00e0 agir avec transparence et respect envers leurs locataires, et rappelle que les <strong><a href=\"https:\/\/fcaap.ca\/les-caap\/\" target=\"_blank\" rel=\"noreferrer noopener\">Centres d\u2019assistance et d\u2019accompagnement aux plaintes (CAAP)<\/a><\/strong> sont disponibles pour soutenir les locataires confront\u00e9s \u00e0 des probl\u00e8mes comme celui-ci. <\/p>\n\n\n\n<p>Cette affaire rappelle l\u2019importance de la vigilance et de la protection des <strong><a href=\"https:\/\/www.maresidenceretraite.ca\/blogue\/category\/vos-droits\/\" target=\"_blank\" rel=\"noreferrer noopener\">droits des a\u00een\u00e9s<\/a><\/strong> en mati\u00e8re de logement, ainsi que le r\u00f4le essentiel des tribunaux pour d\u00e9fendre les locataires les plus vuln\u00e9rables. Il existe quelques r\u00e9sidences \u00e0 Saint-Jean-sur-Richelieu, les voici <strong><a href=\"https:\/\/www.maresidenceretraite.ca\/monteregie-rive-sud\/saint-jean-sur-richelieu\/residences-pour-retraite\/\" target=\"_blank\" rel=\"noreferrer noopener\">ici<\/a><\/strong>.<\/p>\n","protected":false},"excerpt":{"rendered":"<p>Une r\u00e9sidente de 96 ans de Saint-Jean-sur-Richelieu a remport\u00e9 une victoire juridique significative apr\u00e8s avoir \u00e9t\u00e9 \u00e9vinc\u00e9e ill\u00e9galement de son logement dans une r\u00e9sidence priv\u00e9e pour a\u00een\u00e9s (RPA). Le Tribunal administratif du logement (TAL) a condamn\u00e9 la r\u00e9sidence Chartwell Oasis Saint-Jean \u00e0 lui verser plus de 12 170$ en dommages et int\u00e9r\u00eats, tout en r\u00e9tablissant [&hellip;]<\/p>\n","protected":false},"author":9,"featured_media":2804,"comment_status":"open","ping_status":"open","sticky":false,"template":"","format":"standard","meta":{"footnotes":""},"categories":[14],"tags":[],"class_list":["post-2799","post","type-post","status-publish","format-standard","has-post-thumbnail","hentry","category-trucs-et-design"],"yoast_head":"<!-- This site is optimized with the Yoast SEO plugin v27.4 - https:\/\/yoast.com\/product\/yoast-seo-wordpress\/ -->\n<title>\u00c9viction ill\u00e9gale en RPA : le TAL condamne la r\u00e9sidence \u00e0 verser plus de 12 000$ \u00e0 la r\u00e9sidente de 96 ans -<\/title>\n<meta name=\"description\" content=\"\u00c9viction ill\u00e9gale : une R\u00e9sidente de 96 ans \u00e9vinc\u00e9e d\u2019une RPA : le Tribunal administratif du logement condamne la r\u00e9sidence \u00e0 verser 12 000$.\" \/>\n<meta name=\"robots\" content=\"index, follow, max-snippet:-1, max-image-preview:large, max-video-preview:-1\" \/>\n<link rel=\"canonical\" href=\"https:\/\/www.maresidenceretraite.ca\/blogue\/eviction-illegale-en-rpa-le-tal-condamne-la-residence-a-verser-plus-de-12-000-a-la-residente-de-96-ans\/\" \/>\n<meta property=\"og:locale\" content=\"fr_FR\" \/>\n<meta property=\"og:type\" content=\"article\" \/>\n<meta property=\"og:title\" content=\"\u00c9viction ill\u00e9gale en RPA : le TAL condamne la r\u00e9sidence \u00e0 verser plus de 12 000$ \u00e0 la r\u00e9sidente de 96 ans -\" \/>\n<meta property=\"og:description\" content=\"\u00c9viction ill\u00e9gale : une R\u00e9sidente de 96 ans \u00e9vinc\u00e9e d\u2019une RPA : le Tribunal administratif du logement condamne la r\u00e9sidence \u00e0 verser 12 000$.\" \/>\n<meta property=\"og:url\" content=\"https:\/\/www.maresidenceretraite.ca\/blogue\/eviction-illegale-en-rpa-le-tal-condamne-la-residence-a-verser-plus-de-12-000-a-la-residente-de-96-ans\/\" \/>\n<meta property=\"article:published_time\" content=\"2026-03-17T19:26:33+00:00\" \/>\n<meta property=\"article:modified_time\" content=\"2026-03-17T19:29:01+00:00\" \/>\n<meta property=\"og:image\" content=\"https:\/\/www.maresidenceretraite.ca\/blogue\/wp-content\/uploads\/2026\/03\/chartwell_oasis_saint_jean.jpg\" \/>\n\t<meta property=\"og:image:width\" content=\"1125\" \/>\n\t<meta property=\"og:image:height\" content=\"664\" \/>\n\t<meta property=\"og:image:type\" content=\"image\/jpeg\" \/>\n<meta name=\"author\" content=\"chloe neron\" \/>\n<meta name=\"twitter:card\" content=\"summary_large_image\" \/>\n<meta name=\"twitter:label1\" content=\"Written by\" \/>\n\t<meta name=\"twitter:data1\" content=\"chloe neron\" \/>\n\t<meta name=\"twitter:label2\" content=\"Est. reading time\" \/>\n\t<meta name=\"twitter:data2\" content=\"4 minutes\" \/>\n<script type=\"application\/ld+json\" class=\"yoast-schema-graph\">{\"@context\":\"https:\\\/\\\/schema.org\",\"@graph\":[{\"@type\":\"Article\",\"@id\":\"https:\\\/\\\/www.maresidenceretraite.ca\\\/blogue\\\/eviction-illegale-en-rpa-le-tal-condamne-la-residence-a-verser-plus-de-12-000-a-la-residente-de-96-ans\\\/#article\",\"isPartOf\":{\"@id\":\"https:\\\/\\\/www.maresidenceretraite.ca\\\/blogue\\\/eviction-illegale-en-rpa-le-tal-condamne-la-residence-a-verser-plus-de-12-000-a-la-residente-de-96-ans\\\/\"},\"author\":{\"name\":\"chloe neron\",\"@id\":\"https:\\\/\\\/www.maresidenceretraite.ca\\\/blogue\\\/#\\\/schema\\\/person\\\/4d1aba0fd7390e224ed79b4d767af4a7\"},\"headline\":\"\u00c9viction ill\u00e9gale en RPA : le TAL condamne la r\u00e9sidence \u00e0 verser plus de 12 000$ \u00e0 la r\u00e9sidente de 96 ans\",\"datePublished\":\"2026-03-17T19:26:33+00:00\",\"dateModified\":\"2026-03-17T19:29:01+00:00\",\"mainEntityOfPage\":{\"@id\":\"https:\\\/\\\/www.maresidenceretraite.ca\\\/blogue\\\/eviction-illegale-en-rpa-le-tal-condamne-la-residence-a-verser-plus-de-12-000-a-la-residente-de-96-ans\\\/\"},\"wordCount\":651,\"commentCount\":0,\"publisher\":{\"@id\":\"https:\\\/\\\/www.maresidenceretraite.ca\\\/blogue\\\/#organization\"},\"image\":{\"@id\":\"https:\\\/\\\/www.maresidenceretraite.ca\\\/blogue\\\/eviction-illegale-en-rpa-le-tal-condamne-la-residence-a-verser-plus-de-12-000-a-la-residente-de-96-ans\\\/#primaryimage\"},\"thumbnailUrl\":\"https:\\\/\\\/www.maresidenceretraite.ca\\\/blogue\\\/wp-content\\\/uploads\\\/2026\\\/03\\\/chartwell_oasis_saint_jean.jpg\",\"articleSection\":[\"ASTUCES\"],\"inLanguage\":\"fr-FR\",\"potentialAction\":[{\"@type\":\"CommentAction\",\"name\":\"Comment\",\"target\":[\"https:\\\/\\\/www.maresidenceretraite.ca\\\/blogue\\\/eviction-illegale-en-rpa-le-tal-condamne-la-residence-a-verser-plus-de-12-000-a-la-residente-de-96-ans\\\/#respond\"]}]},{\"@type\":\"WebPage\",\"@id\":\"https:\\\/\\\/www.maresidenceretraite.ca\\\/blogue\\\/eviction-illegale-en-rpa-le-tal-condamne-la-residence-a-verser-plus-de-12-000-a-la-residente-de-96-ans\\\/\",\"url\":\"https:\\\/\\\/www.maresidenceretraite.ca\\\/blogue\\\/eviction-illegale-en-rpa-le-tal-condamne-la-residence-a-verser-plus-de-12-000-a-la-residente-de-96-ans\\\/\",\"name\":\"\u00c9viction ill\u00e9gale en RPA : le TAL condamne la r\u00e9sidence \u00e0 verser plus de 12 000$ \u00e0 la r\u00e9sidente de 96 ans -\",\"isPartOf\":{\"@id\":\"https:\\\/\\\/www.maresidenceretraite.ca\\\/blogue\\\/#website\"},\"primaryImageOfPage\":{\"@id\":\"https:\\\/\\\/www.maresidenceretraite.ca\\\/blogue\\\/eviction-illegale-en-rpa-le-tal-condamne-la-residence-a-verser-plus-de-12-000-a-la-residente-de-96-ans\\\/#primaryimage\"},\"image\":{\"@id\":\"https:\\\/\\\/www.maresidenceretraite.ca\\\/blogue\\\/eviction-illegale-en-rpa-le-tal-condamne-la-residence-a-verser-plus-de-12-000-a-la-residente-de-96-ans\\\/#primaryimage\"},\"thumbnailUrl\":\"https:\\\/\\\/www.maresidenceretraite.ca\\\/blogue\\\/wp-content\\\/uploads\\\/2026\\\/03\\\/chartwell_oasis_saint_jean.jpg\",\"datePublished\":\"2026-03-17T19:26:33+00:00\",\"dateModified\":\"2026-03-17T19:29:01+00:00\",\"description\":\"\u00c9viction ill\u00e9gale : une R\u00e9sidente de 96 ans \u00e9vinc\u00e9e d\u2019une RPA : le Tribunal administratif du logement condamne la r\u00e9sidence \u00e0 verser 12 000$.\",\"breadcrumb\":{\"@id\":\"https:\\\/\\\/www.maresidenceretraite.ca\\\/blogue\\\/eviction-illegale-en-rpa-le-tal-condamne-la-residence-a-verser-plus-de-12-000-a-la-residente-de-96-ans\\\/#breadcrumb\"},\"inLanguage\":\"fr-FR\",\"potentialAction\":[{\"@type\":\"ReadAction\",\"target\":[\"https:\\\/\\\/www.maresidenceretraite.ca\\\/blogue\\\/eviction-illegale-en-rpa-le-tal-condamne-la-residence-a-verser-plus-de-12-000-a-la-residente-de-96-ans\\\/\"]}]},{\"@type\":\"ImageObject\",\"inLanguage\":\"fr-FR\",\"@id\":\"https:\\\/\\\/www.maresidenceretraite.ca\\\/blogue\\\/eviction-illegale-en-rpa-le-tal-condamne-la-residence-a-verser-plus-de-12-000-a-la-residente-de-96-ans\\\/#primaryimage\",\"url\":\"https:\\\/\\\/www.maresidenceretraite.ca\\\/blogue\\\/wp-content\\\/uploads\\\/2026\\\/03\\\/chartwell_oasis_saint_jean.jpg\",\"contentUrl\":\"https:\\\/\\\/www.maresidenceretraite.ca\\\/blogue\\\/wp-content\\\/uploads\\\/2026\\\/03\\\/chartwell_oasis_saint_jean.jpg\",\"width\":1125,\"height\":664},{\"@type\":\"BreadcrumbList\",\"@id\":\"https:\\\/\\\/www.maresidenceretraite.ca\\\/blogue\\\/eviction-illegale-en-rpa-le-tal-condamne-la-residence-a-verser-plus-de-12-000-a-la-residente-de-96-ans\\\/#breadcrumb\",\"itemListElement\":[{\"@type\":\"ListItem\",\"position\":1,\"name\":\"Accueil\",\"item\":\"https:\\\/\\\/www.maresidenceretraite.ca\\\/blogue\\\/\"},{\"@type\":\"ListItem\",\"position\":2,\"name\":\"\u00c9viction ill\u00e9gale en RPA : le TAL condamne la r\u00e9sidence \u00e0 verser plus de 12 000$ \u00e0 la r\u00e9sidente de 96 ans\"}]},{\"@type\":\"WebSite\",\"@id\":\"https:\\\/\\\/www.maresidenceretraite.ca\\\/blogue\\\/#website\",\"url\":\"https:\\\/\\\/www.maresidenceretraite.ca\\\/blogue\\\/\",\"name\":\"\",\"description\":\"Articles traitant de la retraite et des a\u00een\u00e9s.\",\"publisher\":{\"@id\":\"https:\\\/\\\/www.maresidenceretraite.ca\\\/blogue\\\/#organization\"},\"potentialAction\":[{\"@type\":\"SearchAction\",\"target\":{\"@type\":\"EntryPoint\",\"urlTemplate\":\"https:\\\/\\\/www.maresidenceretraite.ca\\\/blogue\\\/?s={search_term_string}\"},\"query-input\":{\"@type\":\"PropertyValueSpecification\",\"valueRequired\":true,\"valueName\":\"search_term_string\"}}],\"inLanguage\":\"fr-FR\"},{\"@type\":\"Organization\",\"@id\":\"https:\\\/\\\/www.maresidenceretraite.ca\\\/blogue\\\/#organization\",\"name\":\"SiLO Communication\",\"url\":\"https:\\\/\\\/www.maresidenceretraite.ca\\\/blogue\\\/\",\"logo\":{\"@type\":\"ImageObject\",\"inLanguage\":\"fr-FR\",\"@id\":\"https:\\\/\\\/www.maresidenceretraite.ca\\\/blogue\\\/#\\\/schema\\\/logo\\\/image\\\/\",\"url\":\"https:\\\/\\\/www.maresidenceretraite.ca\\\/blogue\\\/wp-content\\\/uploads\\\/2017\\\/07\\\/silo-logo-css.jpg\",\"contentUrl\":\"https:\\\/\\\/www.maresidenceretraite.ca\\\/blogue\\\/wp-content\\\/uploads\\\/2017\\\/07\\\/silo-logo-css.jpg\",\"width\":600,\"height\":400,\"caption\":\"SiLO Communication\"},\"image\":{\"@id\":\"https:\\\/\\\/www.maresidenceretraite.ca\\\/blogue\\\/#\\\/schema\\\/logo\\\/image\\\/\"}},{\"@type\":\"Person\",\"@id\":\"https:\\\/\\\/www.maresidenceretraite.ca\\\/blogue\\\/#\\\/schema\\\/person\\\/4d1aba0fd7390e224ed79b4d767af4a7\",\"name\":\"chloe neron\",\"image\":{\"@type\":\"ImageObject\",\"inLanguage\":\"fr-FR\",\"@id\":\"https:\\\/\\\/secure.gravatar.com\\\/avatar\\\/06014cde71ca8e86331ba5fb4bab3af285f37989968f003dd7e5794ca2230b5e?s=96&d=mm&r=g\",\"url\":\"https:\\\/\\\/secure.gravatar.com\\\/avatar\\\/06014cde71ca8e86331ba5fb4bab3af285f37989968f003dd7e5794ca2230b5e?s=96&d=mm&r=g\",\"contentUrl\":\"https:\\\/\\\/secure.gravatar.com\\\/avatar\\\/06014cde71ca8e86331ba5fb4bab3af285f37989968f003dd7e5794ca2230b5e?s=96&d=mm&r=g\",\"caption\":\"chloe neron\"},\"url\":\"https:\\\/\\\/www.maresidenceretraite.ca\\\/blogue\\\/author\\\/chloe_neron\\\/\"}]}<\/script>\n<!-- \/ Yoast SEO plugin. -->","yoast_head_json":{"title":"\u00c9viction ill\u00e9gale en RPA : le TAL condamne la r\u00e9sidence \u00e0 verser plus de 12 000$ \u00e0 la r\u00e9sidente de 96 ans -","description":"\u00c9viction ill\u00e9gale : une R\u00e9sidente de 96 ans \u00e9vinc\u00e9e d\u2019une RPA : le Tribunal administratif du logement condamne la r\u00e9sidence \u00e0 verser 12 000$.","robots":{"index":"index","follow":"follow","max-snippet":"max-snippet:-1","max-image-preview":"max-image-preview:large","max-video-preview":"max-video-preview:-1"},"canonical":"https:\/\/www.maresidenceretraite.ca\/blogue\/eviction-illegale-en-rpa-le-tal-condamne-la-residence-a-verser-plus-de-12-000-a-la-residente-de-96-ans\/","og_locale":"fr_FR","og_type":"article","og_title":"\u00c9viction ill\u00e9gale en RPA : le TAL condamne la r\u00e9sidence \u00e0 verser plus de 12 000$ \u00e0 la r\u00e9sidente de 96 ans -","og_description":"\u00c9viction ill\u00e9gale : une R\u00e9sidente de 96 ans \u00e9vinc\u00e9e d\u2019une RPA : le Tribunal administratif du logement condamne la r\u00e9sidence \u00e0 verser 12 000$.","og_url":"https:\/\/www.maresidenceretraite.ca\/blogue\/eviction-illegale-en-rpa-le-tal-condamne-la-residence-a-verser-plus-de-12-000-a-la-residente-de-96-ans\/","article_published_time":"2026-03-17T19:26:33+00:00","article_modified_time":"2026-03-17T19:29:01+00:00","og_image":[{"width":1125,"height":664,"url":"https:\/\/www.maresidenceretraite.ca\/blogue\/wp-content\/uploads\/2026\/03\/chartwell_oasis_saint_jean.jpg","type":"image\/jpeg"}],"author":"chloe neron","twitter_card":"summary_large_image","twitter_misc":{"Written by":"chloe neron","Est. reading time":"4 minutes"},"schema":{"@context":"https:\/\/schema.org","@graph":[{"@type":"Article","@id":"https:\/\/www.maresidenceretraite.ca\/blogue\/eviction-illegale-en-rpa-le-tal-condamne-la-residence-a-verser-plus-de-12-000-a-la-residente-de-96-ans\/#article","isPartOf":{"@id":"https:\/\/www.maresidenceretraite.ca\/blogue\/eviction-illegale-en-rpa-le-tal-condamne-la-residence-a-verser-plus-de-12-000-a-la-residente-de-96-ans\/"},"author":{"name":"chloe neron","@id":"https:\/\/www.maresidenceretraite.ca\/blogue\/#\/schema\/person\/4d1aba0fd7390e224ed79b4d767af4a7"},"headline":"\u00c9viction ill\u00e9gale en RPA : le TAL condamne la r\u00e9sidence \u00e0 verser plus de 12 000$ \u00e0 la r\u00e9sidente de 96 ans","datePublished":"2026-03-17T19:26:33+00:00","dateModified":"2026-03-17T19:29:01+00:00","mainEntityOfPage":{"@id":"https:\/\/www.maresidenceretraite.ca\/blogue\/eviction-illegale-en-rpa-le-tal-condamne-la-residence-a-verser-plus-de-12-000-a-la-residente-de-96-ans\/"},"wordCount":651,"commentCount":0,"publisher":{"@id":"https:\/\/www.maresidenceretraite.ca\/blogue\/#organization"},"image":{"@id":"https:\/\/www.maresidenceretraite.ca\/blogue\/eviction-illegale-en-rpa-le-tal-condamne-la-residence-a-verser-plus-de-12-000-a-la-residente-de-96-ans\/#primaryimage"},"thumbnailUrl":"https:\/\/www.maresidenceretraite.ca\/blogue\/wp-content\/uploads\/2026\/03\/chartwell_oasis_saint_jean.jpg","articleSection":["ASTUCES"],"inLanguage":"fr-FR","potentialAction":[{"@type":"CommentAction","name":"Comment","target":["https:\/\/www.maresidenceretraite.ca\/blogue\/eviction-illegale-en-rpa-le-tal-condamne-la-residence-a-verser-plus-de-12-000-a-la-residente-de-96-ans\/#respond"]}]},{"@type":"WebPage","@id":"https:\/\/www.maresidenceretraite.ca\/blogue\/eviction-illegale-en-rpa-le-tal-condamne-la-residence-a-verser-plus-de-12-000-a-la-residente-de-96-ans\/","url":"https:\/\/www.maresidenceretraite.ca\/blogue\/eviction-illegale-en-rpa-le-tal-condamne-la-residence-a-verser-plus-de-12-000-a-la-residente-de-96-ans\/","name":"\u00c9viction ill\u00e9gale en RPA : le TAL condamne la r\u00e9sidence \u00e0 verser plus de 12 000$ \u00e0 la r\u00e9sidente de 96 ans -","isPartOf":{"@id":"https:\/\/www.maresidenceretraite.ca\/blogue\/#website"},"primaryImageOfPage":{"@id":"https:\/\/www.maresidenceretraite.ca\/blogue\/eviction-illegale-en-rpa-le-tal-condamne-la-residence-a-verser-plus-de-12-000-a-la-residente-de-96-ans\/#primaryimage"},"image":{"@id":"https:\/\/www.maresidenceretraite.ca\/blogue\/eviction-illegale-en-rpa-le-tal-condamne-la-residence-a-verser-plus-de-12-000-a-la-residente-de-96-ans\/#primaryimage"},"thumbnailUrl":"https:\/\/www.maresidenceretraite.ca\/blogue\/wp-content\/uploads\/2026\/03\/chartwell_oasis_saint_jean.jpg","datePublished":"2026-03-17T19:26:33+00:00","dateModified":"2026-03-17T19:29:01+00:00","description":"\u00c9viction ill\u00e9gale : une R\u00e9sidente de 96 ans \u00e9vinc\u00e9e d\u2019une RPA : le Tribunal administratif du logement condamne la r\u00e9sidence \u00e0 verser 12 000$.","breadcrumb":{"@id":"https:\/\/www.maresidenceretraite.ca\/blogue\/eviction-illegale-en-rpa-le-tal-condamne-la-residence-a-verser-plus-de-12-000-a-la-residente-de-96-ans\/#breadcrumb"},"inLanguage":"fr-FR","potentialAction":[{"@type":"ReadAction","target":["https:\/\/www.maresidenceretraite.ca\/blogue\/eviction-illegale-en-rpa-le-tal-condamne-la-residence-a-verser-plus-de-12-000-a-la-residente-de-96-ans\/"]}]},{"@type":"ImageObject","inLanguage":"fr-FR","@id":"https:\/\/www.maresidenceretraite.ca\/blogue\/eviction-illegale-en-rpa-le-tal-condamne-la-residence-a-verser-plus-de-12-000-a-la-residente-de-96-ans\/#primaryimage","url":"https:\/\/www.maresidenceretraite.ca\/blogue\/wp-content\/uploads\/2026\/03\/chartwell_oasis_saint_jean.jpg","contentUrl":"https:\/\/www.maresidenceretraite.ca\/blogue\/wp-content\/uploads\/2026\/03\/chartwell_oasis_saint_jean.jpg","width":1125,"height":664},{"@type":"BreadcrumbList","@id":"https:\/\/www.maresidenceretraite.ca\/blogue\/eviction-illegale-en-rpa-le-tal-condamne-la-residence-a-verser-plus-de-12-000-a-la-residente-de-96-ans\/#breadcrumb","itemListElement":[{"@type":"ListItem","position":1,"name":"Accueil","item":"https:\/\/www.maresidenceretraite.ca\/blogue\/"},{"@type":"ListItem","position":2,"name":"\u00c9viction ill\u00e9gale en RPA : le TAL condamne la r\u00e9sidence \u00e0 verser plus de 12 000$ \u00e0 la r\u00e9sidente de 96 ans"}]},{"@type":"WebSite","@id":"https:\/\/www.maresidenceretraite.ca\/blogue\/#website","url":"https:\/\/www.maresidenceretraite.ca\/blogue\/","name":"","description":"Articles traitant de la retraite et des a\u00een\u00e9s.","publisher":{"@id":"https:\/\/www.maresidenceretraite.ca\/blogue\/#organization"},"potentialAction":[{"@type":"SearchAction","target":{"@type":"EntryPoint","urlTemplate":"https:\/\/www.maresidenceretraite.ca\/blogue\/?s={search_term_string}"},"query-input":{"@type":"PropertyValueSpecification","valueRequired":true,"valueName":"search_term_string"}}],"inLanguage":"fr-FR"},{"@type":"Organization","@id":"https:\/\/www.maresidenceretraite.ca\/blogue\/#organization","name":"SiLO Communication","url":"https:\/\/www.maresidenceretraite.ca\/blogue\/","logo":{"@type":"ImageObject","inLanguage":"fr-FR","@id":"https:\/\/www.maresidenceretraite.ca\/blogue\/#\/schema\/logo\/image\/","url":"https:\/\/www.maresidenceretraite.ca\/blogue\/wp-content\/uploads\/2017\/07\/silo-logo-css.jpg","contentUrl":"https:\/\/www.maresidenceretraite.ca\/blogue\/wp-content\/uploads\/2017\/07\/silo-logo-css.jpg","width":600,"height":400,"caption":"SiLO Communication"},"image":{"@id":"https:\/\/www.maresidenceretraite.ca\/blogue\/#\/schema\/logo\/image\/"}},{"@type":"Person","@id":"https:\/\/www.maresidenceretraite.ca\/blogue\/#\/schema\/person\/4d1aba0fd7390e224ed79b4d767af4a7","name":"chloe neron","image":{"@type":"ImageObject","inLanguage":"fr-FR","@id":"https:\/\/secure.gravatar.com\/avatar\/06014cde71ca8e86331ba5fb4bab3af285f37989968f003dd7e5794ca2230b5e?s=96&d=mm&r=g","url":"https:\/\/secure.gravatar.com\/avatar\/06014cde71ca8e86331ba5fb4bab3af285f37989968f003dd7e5794ca2230b5e?s=96&d=mm&r=g","contentUrl":"https:\/\/secure.gravatar.com\/avatar\/06014cde71ca8e86331ba5fb4bab3af285f37989968f003dd7e5794ca2230b5e?s=96&d=mm&r=g","caption":"chloe neron"},"url":"https:\/\/www.maresidenceretraite.ca\/blogue\/author\/chloe_neron\/"}]}},"_links":{"self":[{"href":"https:\/\/www.maresidenceretraite.ca\/blogue\/wp-json\/wp\/v2\/posts\/2799","targetHints":{"allow":["GET"]}}],"collection":[{"href":"https:\/\/www.maresidenceretraite.ca\/blogue\/wp-json\/wp\/v2\/posts"}],"about":[{"href":"https:\/\/www.maresidenceretraite.ca\/blogue\/wp-json\/wp\/v2\/types\/post"}],"author":[{"embeddable":true,"href":"https:\/\/www.maresidenceretraite.ca\/blogue\/wp-json\/wp\/v2\/users\/9"}],"replies":[{"embeddable":true,"href":"https:\/\/www.maresidenceretraite.ca\/blogue\/wp-json\/wp\/v2\/comments?post=2799"}],"version-history":[{"count":19,"href":"https:\/\/www.maresidenceretraite.ca\/blogue\/wp-json\/wp\/v2\/posts\/2799\/revisions"}],"predecessor-version":[{"id":2824,"href":"https:\/\/www.maresidenceretraite.ca\/blogue\/wp-json\/wp\/v2\/posts\/2799\/revisions\/2824"}],"wp:featuredmedia":[{"embeddable":true,"href":"https:\/\/www.maresidenceretraite.ca\/blogue\/wp-json\/wp\/v2\/media\/2804"}],"wp:attachment":[{"href":"https:\/\/www.maresidenceretraite.ca\/blogue\/wp-json\/wp\/v2\/media?parent=2799"}],"wp:term":[{"taxonomy":"category","embeddable":true,"href":"https:\/\/www.maresidenceretraite.ca\/blogue\/wp-json\/wp\/v2\/categories?post=2799"},{"taxonomy":"post_tag","embeddable":true,"href":"https:\/\/www.maresidenceretraite.ca\/blogue\/wp-json\/wp\/v2\/tags?post=2799"}],"curies":[{"name":"wp","href":"https:\/\/api.w.org\/{rel}","templated":true}]}}