{"id":325,"date":"2018-02-22T16:14:17","date_gmt":"2018-02-22T21:14:17","guid":{"rendered":"https:\/\/www.maresidenceretraite.ca\/blogue\/?p=325"},"modified":"2019-05-23T15:36:36","modified_gmt":"2019-05-23T20:36:36","slug":"concours-promenades-historiques-a-montreal","status":"publish","type":"post","link":"https:\/\/www.maresidenceretraite.ca\/blogue\/concours-promenades-historiques-a-montreal\/","title":{"rendered":"Concours Promenades historiques \u00e0 Montr\u00e9al"},"content":{"rendered":"<p><strong>Montr\u00e9al f\u00eatait l\u2019an dernier, son 375 i\u00e8me anniversaire. De nombreuses festivit\u00e9s c\u00e9l\u00e9brant l\u2019histoire de la m\u00e9tropole ont eu lieu. Vous vous souvenez s\u00fbrement \u00e0 quel point l\u2019illumination du Pont Jacques-Cartier a fait jaser, les rod\u00e9os du centre-ville, etc.\u00a0 Mais l\u2019histoire de ce g\u00e9ant qui enjambe le fleuve, la connaissez-vous vraiment? Vous souvenez vous de l\u2019effervescence des jeux olympiques de 1976? \u00a0Chaque quartier de la ville a son histoire \u00e0 raconter. Le livre <em>Promenades historiques \u00e0 Montr\u00e9<\/em><i>al<\/i>, vous propose d\u2019aller \u00e0 la rencontre de ces lieux et de ce qu\u2019ils ont \u00e0 dire.<\/strong><\/p>\n<p><img loading=\"lazy\" decoding=\"async\" class=\"alignnone wp-image-326 size-full\" src=\"https:\/\/www.maresidenceretraite.ca\/blogue\/wp-content\/uploads\/2018\/02\/aeroport_pet.jpg\" alt=\"a\u00e9roport Dorval\" width=\"810\" height=\"450\" srcset=\"https:\/\/www.maresidenceretraite.ca\/blogue\/wp-content\/uploads\/2018\/02\/aeroport_pet.jpg 810w, https:\/\/www.maresidenceretraite.ca\/blogue\/wp-content\/uploads\/2018\/02\/aeroport_pet-300x167.jpg 300w, https:\/\/www.maresidenceretraite.ca\/blogue\/wp-content\/uploads\/2018\/02\/aeroport_pet-768x427.jpg 768w\" sizes=\"auto, (max-width: 810px) 100vw, 810px\" \/><\/p>\n<p><span style=\"font-weight: 400;\">Ce livre est n\u00e9 d&rsquo;une collaboration entre le Centre d\u2019Histoire de Montr\u00e9al et le Journal de Montr\u00e9al. Il est inspir\u00e9 des chroniques <\/span><i><span style=\"font-weight: 400;\">Montr\u00e9al retour sur l&rsquo;image<\/span><\/i><span style=\"font-weight: 400;\">\u00a0publi\u00e9es dans le journal depuis 2013. Ces chroniques qui racontent la ville et son \u00e9volution au fil du temps.\u00a0<\/span><\/p>\n<p>Dans cet ouvrage, de superbes photographies d\u2019\u00e9poque cohabitent avec d\u2019autres contemporaines pour nous offrir 150 ans d\u2019histoire. Si les auteurs veulent nous faire voyager dans le temps, ils souhaitent aussi nous donner envie d\u2019aller nous promener dans les rues de Montr\u00e9al.<\/p>\n<p><img loading=\"lazy\" decoding=\"async\" class=\"alignnone size-full wp-image-331\" src=\"https:\/\/www.maresidenceretraite.ca\/blogue\/wp-content\/uploads\/2018\/02\/rue_st_jacques_1960.jpg\" alt=\"rue St-Jacques 1960\" width=\"810\" height=\"450\" srcset=\"https:\/\/www.maresidenceretraite.ca\/blogue\/wp-content\/uploads\/2018\/02\/rue_st_jacques_1960.jpg 810w, https:\/\/www.maresidenceretraite.ca\/blogue\/wp-content\/uploads\/2018\/02\/rue_st_jacques_1960-300x167.jpg 300w, https:\/\/www.maresidenceretraite.ca\/blogue\/wp-content\/uploads\/2018\/02\/rue_st_jacques_1960-768x427.jpg 768w\" sizes=\"auto, (max-width: 810px) 100vw, 810px\" \/><\/p>\n<p><img loading=\"lazy\" decoding=\"async\" class=\"alignnone size-full wp-image-330\" src=\"https:\/\/www.maresidenceretraite.ca\/blogue\/wp-content\/uploads\/2018\/02\/rue_st_jacques.jpg\" alt=\"rue St-Jacques\" width=\"810\" height=\"450\" srcset=\"https:\/\/www.maresidenceretraite.ca\/blogue\/wp-content\/uploads\/2018\/02\/rue_st_jacques.jpg 810w, https:\/\/www.maresidenceretraite.ca\/blogue\/wp-content\/uploads\/2018\/02\/rue_st_jacques-300x167.jpg 300w, https:\/\/www.maresidenceretraite.ca\/blogue\/wp-content\/uploads\/2018\/02\/rue_st_jacques-768x427.jpg 768w\" sizes=\"auto, (max-width: 810px) 100vw, 810px\" \/><\/p>\n<p><span style=\"font-weight: 400;\">Il s\u2019agit d\u2019une invitation \u00e0 aller, livre en main, d\u00e9couvrir ou red\u00e9couvrir la ville. L\u2019ouvrage propose dix circuits de promenades r\u00e9partis par quartiers. Vous pouvez, par exemple, partir en balade historique dans le Sud-Ouest pour en apprendre plus sur le Canal de Lachine et, pourquoi pas, visiter le lieu du crash d\u2019un bombardier en 1944 !<br \/>\n<\/span><span style=\"font-weight: 400;\"><br \/>\n<img loading=\"lazy\" decoding=\"async\" class=\"alignnone size-full wp-image-328\" src=\"https:\/\/www.maresidenceretraite.ca\/blogue\/wp-content\/uploads\/2018\/02\/canal_lachine_1900.jpg\" alt=\"canal lachine 1900\" width=\"810\" height=\"450\" srcset=\"https:\/\/www.maresidenceretraite.ca\/blogue\/wp-content\/uploads\/2018\/02\/canal_lachine_1900.jpg 810w, https:\/\/www.maresidenceretraite.ca\/blogue\/wp-content\/uploads\/2018\/02\/canal_lachine_1900-300x167.jpg 300w, https:\/\/www.maresidenceretraite.ca\/blogue\/wp-content\/uploads\/2018\/02\/canal_lachine_1900-768x427.jpg 768w\" sizes=\"auto, (max-width: 810px) 100vw, 810px\" \/><br \/>\n<\/span><\/p>\n<p><img loading=\"lazy\" decoding=\"async\" class=\"alignnone size-full wp-image-327\" src=\"https:\/\/www.maresidenceretraite.ca\/blogue\/wp-content\/uploads\/2018\/02\/canal_lachine.jpg\" alt=\"canal lachine\" width=\"810\" height=\"450\" srcset=\"https:\/\/www.maresidenceretraite.ca\/blogue\/wp-content\/uploads\/2018\/02\/canal_lachine.jpg 810w, https:\/\/www.maresidenceretraite.ca\/blogue\/wp-content\/uploads\/2018\/02\/canal_lachine-300x167.jpg 300w, https:\/\/www.maresidenceretraite.ca\/blogue\/wp-content\/uploads\/2018\/02\/canal_lachine-768x427.jpg 768w\" sizes=\"auto, (max-width: 810px) 100vw, 810px\" \/><span style=\"font-weight: 400;\">L\u2019histoire d\u2019une ville ne s\u2019apprend pas seulement dans les livres, elle a \u00e9t\u00e9 \u00e9crite et b\u00e2tie \u00e0 m\u00eame la brique de ses murs. Ce livre ne s\u2019adresse pas seulement aux passionn\u00e9s mais au curieux qui sommeille en chacun de nous. Voil\u00e0 un formidable pr\u00e9texte pour sortir, seul ou en famille car il n\u2019y a pas d\u2019\u00e2ge pour se faire raconter une histoire.<\/span><\/p>\n<p><span style=\"font-weight: 400;\">L\u2019\u00e9quipe de <\/span><a href=\"https:\/\/www.maresidenceretraite.ca\/a-propos\/\" target=\"_blank\" rel=\"noopener noreferrer\"><strong><i>Ma R\u00e9sidence Retraite<\/i><\/strong><\/a><span style=\"font-weight: 400;\"> vous offre la chance d\u2019aller le constater par vous m\u00eame.\u00a0<\/span><span style=\"font-weight: 400;\">Participez\u00a0\u00e0 notre concours sur notre page <a href=\"https:\/\/www.facebook.com\/maresidenceretraite\/\">Facebook<\/a>\u00a0et courez la chance de gagner un des trois\u00a0exemplaires du livre Promenades Historiques \u00e0 Montr\u00e9al que nous ferons tirer parmi nos lecteurs.\u00a0<\/span><span style=\"font-weight: 400;\">Bonne chance !<\/span><\/p>\n","protected":false},"excerpt":{"rendered":"<p>Montr\u00e9al f\u00eatait l\u2019an dernier, son 375 i\u00e8me anniversaire. De nombreuses festivit\u00e9s c\u00e9l\u00e9brant l\u2019histoire de la m\u00e9tropole ont eu lieu. Vous vous souvenez s\u00fbrement \u00e0 quel point l\u2019illumination du Pont Jacques-Cartier a fait jaser, les rod\u00e9os du centre-ville, etc.\u00a0 Mais l\u2019histoire de ce g\u00e9ant qui enjambe le fleuve, la connaissez-vous vraiment? Vous souvenez vous de l\u2019effervescence [&hellip;]<\/p>\n","protected":false},"author":6,"featured_media":373,"comment_status":"closed","ping_status":"closed","sticky":false,"template":"","format":"standard","meta":{"footnotes":""},"categories":[24],"tags":[],"class_list":["post-325","post","type-post","status-publish","format-standard","has-post-thumbnail","hentry","category-art-de-vivre"],"yoast_head":"<!-- This site is optimized with the Yoast SEO plugin v27.4 - https:\/\/yoast.com\/product\/yoast-seo-wordpress\/ -->\n<title>Concours Promenades historiques \u00e0 Montr\u00e9al<\/title>\n<meta name=\"description\" content=\"Le livre promenades historiques \u00e0 Montr\u00e9al, vous propose d\u2019aller \u00e0 la rencontre de ces lieux et de ce qu\u2019ils ont \u00e0 dire.\" \/>\n<meta name=\"robots\" content=\"index, follow, max-snippet:-1, max-image-preview:large, max-video-preview:-1\" \/>\n<link rel=\"canonical\" href=\"https:\/\/www.maresidenceretraite.ca\/blogue\/concours-promenades-historiques-a-montreal\/\" \/>\n<meta property=\"og:locale\" content=\"fr_FR\" \/>\n<meta property=\"og:type\" content=\"article\" \/>\n<meta property=\"og:title\" content=\"Concours Promenades historiques \u00e0 Montr\u00e9al\" \/>\n<meta property=\"og:description\" content=\"Le livre promenades historiques \u00e0 Montr\u00e9al, vous propose d\u2019aller \u00e0 la rencontre de ces lieux et de ce qu\u2019ils ont \u00e0 dire.\" \/>\n<meta property=\"og:url\" content=\"https:\/\/www.maresidenceretraite.ca\/blogue\/concours-promenades-historiques-a-montreal\/\" \/>\n<meta property=\"article:published_time\" content=\"2018-02-22T21:14:17+00:00\" \/>\n<meta property=\"article:modified_time\" content=\"2019-05-23T20:36:36+00:00\" \/>\n<meta property=\"og:image\" content=\"https:\/\/www.maresidenceretraite.ca\/blogue\/wp-content\/uploads\/2018\/02\/concours-promenades-historiques-montreal.jpg\" \/>\n\t<meta property=\"og:image:width\" content=\"1920\" \/>\n\t<meta property=\"og:image:height\" content=\"1080\" \/>\n\t<meta property=\"og:image:type\" content=\"image\/jpeg\" \/>\n<meta name=\"author\" content=\"Chrystelle Pasquet\" \/>\n<meta name=\"twitter:card\" content=\"summary_large_image\" \/>\n<meta name=\"twitter:label1\" content=\"Written by\" \/>\n\t<meta name=\"twitter:data1\" content=\"Chrystelle Pasquet\" \/>\n\t<meta name=\"twitter:label2\" content=\"Est. reading time\" \/>\n\t<meta name=\"twitter:data2\" content=\"2 minutes\" \/>\n<script type=\"application\/ld+json\" class=\"yoast-schema-graph\">{\"@context\":\"https:\\\/\\\/schema.org\",\"@graph\":[{\"@type\":\"Article\",\"@id\":\"https:\\\/\\\/www.maresidenceretraite.ca\\\/blogue\\\/concours-promenades-historiques-a-montreal\\\/#article\",\"isPartOf\":{\"@id\":\"https:\\\/\\\/www.maresidenceretraite.ca\\\/blogue\\\/concours-promenades-historiques-a-montreal\\\/\"},\"author\":{\"name\":\"Chrystelle Pasquet\",\"@id\":\"https:\\\/\\\/www.maresidenceretraite.ca\\\/blogue\\\/#\\\/schema\\\/person\\\/990165780b3a4a42e0f447a3785e7bef\"},\"headline\":\"Concours Promenades historiques \u00e0 Montr\u00e9al\",\"datePublished\":\"2018-02-22T21:14:17+00:00\",\"dateModified\":\"2019-05-23T20:36:36+00:00\",\"mainEntityOfPage\":{\"@id\":\"https:\\\/\\\/www.maresidenceretraite.ca\\\/blogue\\\/concours-promenades-historiques-a-montreal\\\/\"},\"wordCount\":384,\"publisher\":{\"@id\":\"https:\\\/\\\/www.maresidenceretraite.ca\\\/blogue\\\/#organization\"},\"image\":{\"@id\":\"https:\\\/\\\/www.maresidenceretraite.ca\\\/blogue\\\/concours-promenades-historiques-a-montreal\\\/#primaryimage\"},\"thumbnailUrl\":\"https:\\\/\\\/www.maresidenceretraite.ca\\\/blogue\\\/wp-content\\\/uploads\\\/2018\\\/02\\\/concours-promenades-historiques-montreal.jpg\",\"articleSection\":[\"ART DE VIVRE\"],\"inLanguage\":\"fr-FR\"},{\"@type\":\"WebPage\",\"@id\":\"https:\\\/\\\/www.maresidenceretraite.ca\\\/blogue\\\/concours-promenades-historiques-a-montreal\\\/\",\"url\":\"https:\\\/\\\/www.maresidenceretraite.ca\\\/blogue\\\/concours-promenades-historiques-a-montreal\\\/\",\"name\":\"Concours Promenades historiques \u00e0 Montr\u00e9al\",\"isPartOf\":{\"@id\":\"https:\\\/\\\/www.maresidenceretraite.ca\\\/blogue\\\/#website\"},\"primaryImageOfPage\":{\"@id\":\"https:\\\/\\\/www.maresidenceretraite.ca\\\/blogue\\\/concours-promenades-historiques-a-montreal\\\/#primaryimage\"},\"image\":{\"@id\":\"https:\\\/\\\/www.maresidenceretraite.ca\\\/blogue\\\/concours-promenades-historiques-a-montreal\\\/#primaryimage\"},\"thumbnailUrl\":\"https:\\\/\\\/www.maresidenceretraite.ca\\\/blogue\\\/wp-content\\\/uploads\\\/2018\\\/02\\\/concours-promenades-historiques-montreal.jpg\",\"datePublished\":\"2018-02-22T21:14:17+00:00\",\"dateModified\":\"2019-05-23T20:36:36+00:00\",\"description\":\"Le livre promenades historiques \u00e0 Montr\u00e9al, vous propose d\u2019aller \u00e0 la rencontre de ces lieux et de ce qu\u2019ils ont \u00e0 dire.\",\"breadcrumb\":{\"@id\":\"https:\\\/\\\/www.maresidenceretraite.ca\\\/blogue\\\/concours-promenades-historiques-a-montreal\\\/#breadcrumb\"},\"inLanguage\":\"fr-FR\",\"potentialAction\":[{\"@type\":\"ReadAction\",\"target\":[\"https:\\\/\\\/www.maresidenceretraite.ca\\\/blogue\\\/concours-promenades-historiques-a-montreal\\\/\"]}]},{\"@type\":\"ImageObject\",\"inLanguage\":\"fr-FR\",\"@id\":\"https:\\\/\\\/www.maresidenceretraite.ca\\\/blogue\\\/concours-promenades-historiques-a-montreal\\\/#primaryimage\",\"url\":\"https:\\\/\\\/www.maresidenceretraite.ca\\\/blogue\\\/wp-content\\\/uploads\\\/2018\\\/02\\\/concours-promenades-historiques-montreal.jpg\",\"contentUrl\":\"https:\\\/\\\/www.maresidenceretraite.ca\\\/blogue\\\/wp-content\\\/uploads\\\/2018\\\/02\\\/concours-promenades-historiques-montreal.jpg\",\"width\":1920,\"height\":1080},{\"@type\":\"BreadcrumbList\",\"@id\":\"https:\\\/\\\/www.maresidenceretraite.ca\\\/blogue\\\/concours-promenades-historiques-a-montreal\\\/#breadcrumb\",\"itemListElement\":[{\"@type\":\"ListItem\",\"position\":1,\"name\":\"Accueil\",\"item\":\"https:\\\/\\\/www.maresidenceretraite.ca\\\/blogue\\\/\"},{\"@type\":\"ListItem\",\"position\":2,\"name\":\"Concours Promenades historiques \u00e0 Montr\u00e9al\"}]},{\"@type\":\"WebSite\",\"@id\":\"https:\\\/\\\/www.maresidenceretraite.ca\\\/blogue\\\/#website\",\"url\":\"https:\\\/\\\/www.maresidenceretraite.ca\\\/blogue\\\/\",\"name\":\"\",\"description\":\"Articles traitant de la retraite et des a\u00een\u00e9s.\",\"publisher\":{\"@id\":\"https:\\\/\\\/www.maresidenceretraite.ca\\\/blogue\\\/#organization\"},\"potentialAction\":[{\"@type\":\"SearchAction\",\"target\":{\"@type\":\"EntryPoint\",\"urlTemplate\":\"https:\\\/\\\/www.maresidenceretraite.ca\\\/blogue\\\/?s={search_term_string}\"},\"query-input\":{\"@type\":\"PropertyValueSpecification\",\"valueRequired\":true,\"valueName\":\"search_term_string\"}}],\"inLanguage\":\"fr-FR\"},{\"@type\":\"Organization\",\"@id\":\"https:\\\/\\\/www.maresidenceretraite.ca\\\/blogue\\\/#organization\",\"name\":\"SiLO Communication\",\"url\":\"https:\\\/\\\/www.maresidenceretraite.ca\\\/blogue\\\/\",\"logo\":{\"@type\":\"ImageObject\",\"inLanguage\":\"fr-FR\",\"@id\":\"https:\\\/\\\/www.maresidenceretraite.ca\\\/blogue\\\/#\\\/schema\\\/logo\\\/image\\\/\",\"url\":\"https:\\\/\\\/www.maresidenceretraite.ca\\\/blogue\\\/wp-content\\\/uploads\\\/2017\\\/07\\\/silo-logo-css.jpg\",\"contentUrl\":\"https:\\\/\\\/www.maresidenceretraite.ca\\\/blogue\\\/wp-content\\\/uploads\\\/2017\\\/07\\\/silo-logo-css.jpg\",\"width\":600,\"height\":400,\"caption\":\"SiLO Communication\"},\"image\":{\"@id\":\"https:\\\/\\\/www.maresidenceretraite.ca\\\/blogue\\\/#\\\/schema\\\/logo\\\/image\\\/\"}},{\"@type\":\"Person\",\"@id\":\"https:\\\/\\\/www.maresidenceretraite.ca\\\/blogue\\\/#\\\/schema\\\/person\\\/990165780b3a4a42e0f447a3785e7bef\",\"name\":\"Chrystelle Pasquet\",\"image\":{\"@type\":\"ImageObject\",\"inLanguage\":\"fr-FR\",\"@id\":\"https:\\\/\\\/secure.gravatar.com\\\/avatar\\\/caa48b3de801cf17f85f26bb7429027ec67aaa3f6859cfa8ceaef2202243eb89?s=96&d=mm&r=g\",\"url\":\"https:\\\/\\\/secure.gravatar.com\\\/avatar\\\/caa48b3de801cf17f85f26bb7429027ec67aaa3f6859cfa8ceaef2202243eb89?s=96&d=mm&r=g\",\"contentUrl\":\"https:\\\/\\\/secure.gravatar.com\\\/avatar\\\/caa48b3de801cf17f85f26bb7429027ec67aaa3f6859cfa8ceaef2202243eb89?s=96&d=mm&r=g\",\"caption\":\"Chrystelle Pasquet\"},\"url\":\"https:\\\/\\\/www.maresidenceretraite.ca\\\/blogue\\\/author\\\/chrystelle\\\/\"}]}<\/script>\n<!-- \/ Yoast SEO plugin. -->","yoast_head_json":{"title":"Concours Promenades historiques \u00e0 Montr\u00e9al","description":"Le livre promenades historiques \u00e0 Montr\u00e9al, vous propose d\u2019aller \u00e0 la rencontre de ces lieux et de ce qu\u2019ils ont \u00e0 dire.","robots":{"index":"index","follow":"follow","max-snippet":"max-snippet:-1","max-image-preview":"max-image-preview:large","max-video-preview":"max-video-preview:-1"},"canonical":"https:\/\/www.maresidenceretraite.ca\/blogue\/concours-promenades-historiques-a-montreal\/","og_locale":"fr_FR","og_type":"article","og_title":"Concours Promenades historiques \u00e0 Montr\u00e9al","og_description":"Le livre promenades historiques \u00e0 Montr\u00e9al, vous propose d\u2019aller \u00e0 la rencontre de ces lieux et de ce qu\u2019ils ont \u00e0 dire.","og_url":"https:\/\/www.maresidenceretraite.ca\/blogue\/concours-promenades-historiques-a-montreal\/","article_published_time":"2018-02-22T21:14:17+00:00","article_modified_time":"2019-05-23T20:36:36+00:00","og_image":[{"width":1920,"height":1080,"url":"https:\/\/www.maresidenceretraite.ca\/blogue\/wp-content\/uploads\/2018\/02\/concours-promenades-historiques-montreal.jpg","type":"image\/jpeg"}],"author":"Chrystelle Pasquet","twitter_card":"summary_large_image","twitter_misc":{"Written by":"Chrystelle Pasquet","Est. reading time":"2 minutes"},"schema":{"@context":"https:\/\/schema.org","@graph":[{"@type":"Article","@id":"https:\/\/www.maresidenceretraite.ca\/blogue\/concours-promenades-historiques-a-montreal\/#article","isPartOf":{"@id":"https:\/\/www.maresidenceretraite.ca\/blogue\/concours-promenades-historiques-a-montreal\/"},"author":{"name":"Chrystelle Pasquet","@id":"https:\/\/www.maresidenceretraite.ca\/blogue\/#\/schema\/person\/990165780b3a4a42e0f447a3785e7bef"},"headline":"Concours Promenades historiques \u00e0 Montr\u00e9al","datePublished":"2018-02-22T21:14:17+00:00","dateModified":"2019-05-23T20:36:36+00:00","mainEntityOfPage":{"@id":"https:\/\/www.maresidenceretraite.ca\/blogue\/concours-promenades-historiques-a-montreal\/"},"wordCount":384,"publisher":{"@id":"https:\/\/www.maresidenceretraite.ca\/blogue\/#organization"},"image":{"@id":"https:\/\/www.maresidenceretraite.ca\/blogue\/concours-promenades-historiques-a-montreal\/#primaryimage"},"thumbnailUrl":"https:\/\/www.maresidenceretraite.ca\/blogue\/wp-content\/uploads\/2018\/02\/concours-promenades-historiques-montreal.jpg","articleSection":["ART DE VIVRE"],"inLanguage":"fr-FR"},{"@type":"WebPage","@id":"https:\/\/www.maresidenceretraite.ca\/blogue\/concours-promenades-historiques-a-montreal\/","url":"https:\/\/www.maresidenceretraite.ca\/blogue\/concours-promenades-historiques-a-montreal\/","name":"Concours Promenades historiques \u00e0 Montr\u00e9al","isPartOf":{"@id":"https:\/\/www.maresidenceretraite.ca\/blogue\/#website"},"primaryImageOfPage":{"@id":"https:\/\/www.maresidenceretraite.ca\/blogue\/concours-promenades-historiques-a-montreal\/#primaryimage"},"image":{"@id":"https:\/\/www.maresidenceretraite.ca\/blogue\/concours-promenades-historiques-a-montreal\/#primaryimage"},"thumbnailUrl":"https:\/\/www.maresidenceretraite.ca\/blogue\/wp-content\/uploads\/2018\/02\/concours-promenades-historiques-montreal.jpg","datePublished":"2018-02-22T21:14:17+00:00","dateModified":"2019-05-23T20:36:36+00:00","description":"Le livre promenades historiques \u00e0 Montr\u00e9al, vous propose d\u2019aller \u00e0 la rencontre de ces lieux et de ce qu\u2019ils ont \u00e0 dire.","breadcrumb":{"@id":"https:\/\/www.maresidenceretraite.ca\/blogue\/concours-promenades-historiques-a-montreal\/#breadcrumb"},"inLanguage":"fr-FR","potentialAction":[{"@type":"ReadAction","target":["https:\/\/www.maresidenceretraite.ca\/blogue\/concours-promenades-historiques-a-montreal\/"]}]},{"@type":"ImageObject","inLanguage":"fr-FR","@id":"https:\/\/www.maresidenceretraite.ca\/blogue\/concours-promenades-historiques-a-montreal\/#primaryimage","url":"https:\/\/www.maresidenceretraite.ca\/blogue\/wp-content\/uploads\/2018\/02\/concours-promenades-historiques-montreal.jpg","contentUrl":"https:\/\/www.maresidenceretraite.ca\/blogue\/wp-content\/uploads\/2018\/02\/concours-promenades-historiques-montreal.jpg","width":1920,"height":1080},{"@type":"BreadcrumbList","@id":"https:\/\/www.maresidenceretraite.ca\/blogue\/concours-promenades-historiques-a-montreal\/#breadcrumb","itemListElement":[{"@type":"ListItem","position":1,"name":"Accueil","item":"https:\/\/www.maresidenceretraite.ca\/blogue\/"},{"@type":"ListItem","position":2,"name":"Concours Promenades historiques \u00e0 Montr\u00e9al"}]},{"@type":"WebSite","@id":"https:\/\/www.maresidenceretraite.ca\/blogue\/#website","url":"https:\/\/www.maresidenceretraite.ca\/blogue\/","name":"","description":"Articles traitant de la retraite et des a\u00een\u00e9s.","publisher":{"@id":"https:\/\/www.maresidenceretraite.ca\/blogue\/#organization"},"potentialAction":[{"@type":"SearchAction","target":{"@type":"EntryPoint","urlTemplate":"https:\/\/www.maresidenceretraite.ca\/blogue\/?s={search_term_string}"},"query-input":{"@type":"PropertyValueSpecification","valueRequired":true,"valueName":"search_term_string"}}],"inLanguage":"fr-FR"},{"@type":"Organization","@id":"https:\/\/www.maresidenceretraite.ca\/blogue\/#organization","name":"SiLO Communication","url":"https:\/\/www.maresidenceretraite.ca\/blogue\/","logo":{"@type":"ImageObject","inLanguage":"fr-FR","@id":"https:\/\/www.maresidenceretraite.ca\/blogue\/#\/schema\/logo\/image\/","url":"https:\/\/www.maresidenceretraite.ca\/blogue\/wp-content\/uploads\/2017\/07\/silo-logo-css.jpg","contentUrl":"https:\/\/www.maresidenceretraite.ca\/blogue\/wp-content\/uploads\/2017\/07\/silo-logo-css.jpg","width":600,"height":400,"caption":"SiLO Communication"},"image":{"@id":"https:\/\/www.maresidenceretraite.ca\/blogue\/#\/schema\/logo\/image\/"}},{"@type":"Person","@id":"https:\/\/www.maresidenceretraite.ca\/blogue\/#\/schema\/person\/990165780b3a4a42e0f447a3785e7bef","name":"Chrystelle Pasquet","image":{"@type":"ImageObject","inLanguage":"fr-FR","@id":"https:\/\/secure.gravatar.com\/avatar\/caa48b3de801cf17f85f26bb7429027ec67aaa3f6859cfa8ceaef2202243eb89?s=96&d=mm&r=g","url":"https:\/\/secure.gravatar.com\/avatar\/caa48b3de801cf17f85f26bb7429027ec67aaa3f6859cfa8ceaef2202243eb89?s=96&d=mm&r=g","contentUrl":"https:\/\/secure.gravatar.com\/avatar\/caa48b3de801cf17f85f26bb7429027ec67aaa3f6859cfa8ceaef2202243eb89?s=96&d=mm&r=g","caption":"Chrystelle Pasquet"},"url":"https:\/\/www.maresidenceretraite.ca\/blogue\/author\/chrystelle\/"}]}},"_links":{"self":[{"href":"https:\/\/www.maresidenceretraite.ca\/blogue\/wp-json\/wp\/v2\/posts\/325","targetHints":{"allow":["GET"]}}],"collection":[{"href":"https:\/\/www.maresidenceretraite.ca\/blogue\/wp-json\/wp\/v2\/posts"}],"about":[{"href":"https:\/\/www.maresidenceretraite.ca\/blogue\/wp-json\/wp\/v2\/types\/post"}],"author":[{"embeddable":true,"href":"https:\/\/www.maresidenceretraite.ca\/blogue\/wp-json\/wp\/v2\/users\/6"}],"replies":[{"embeddable":true,"href":"https:\/\/www.maresidenceretraite.ca\/blogue\/wp-json\/wp\/v2\/comments?post=325"}],"version-history":[{"count":0,"href":"https:\/\/www.maresidenceretraite.ca\/blogue\/wp-json\/wp\/v2\/posts\/325\/revisions"}],"wp:featuredmedia":[{"embeddable":true,"href":"https:\/\/www.maresidenceretraite.ca\/blogue\/wp-json\/wp\/v2\/media\/373"}],"wp:attachment":[{"href":"https:\/\/www.maresidenceretraite.ca\/blogue\/wp-json\/wp\/v2\/media?parent=325"}],"wp:term":[{"taxonomy":"category","embeddable":true,"href":"https:\/\/www.maresidenceretraite.ca\/blogue\/wp-json\/wp\/v2\/categories?post=325"},{"taxonomy":"post_tag","embeddable":true,"href":"https:\/\/www.maresidenceretraite.ca\/blogue\/wp-json\/wp\/v2\/tags?post=325"}],"curies":[{"name":"wp","href":"https:\/\/api.w.org\/{rel}","templated":true}]}}