{"id":540,"date":"2018-05-19T14:53:17","date_gmt":"2018-05-19T19:53:17","guid":{"rendered":"https:\/\/www.maresidenceretraite.ca\/blogue\/?p=540"},"modified":"2024-02-09T14:15:13","modified_gmt":"2024-02-09T19:15:13","slug":"la-bolduc-netait-pas-seule-a-chanter","status":"publish","type":"post","link":"https:\/\/www.maresidenceretraite.ca\/blogue\/la-bolduc-netait-pas-seule-a-chanter\/","title":{"rendered":"La Bolduc n&rsquo;\u00e9tait pas seule \u00e0 chanter"},"content":{"rendered":"<p><strong>La sortie du film La Bolduc de Fran\u00e7ois Bouvier rallume les projecteurs sur la c\u00e9l\u00e8bre chanteuse. Mary Travers a fait chanter le Qu\u00e9bec des ann\u00e9es 30, \u00e0 cette \u00e9poque la chanson \u00e9tait encore un domaine principalement masculin. Si sa personnalit\u00e9 color\u00e9e a fait d\u2019elle une ic\u00f4ne, d\u2019autres voix de femme ont aussi charm\u00e9 cette \u00e9poque d\u2019entre les deux guerres. la Bolduc n&rsquo;\u00e9tait donc pas seule \u00e0 chanter&#8230;<\/strong><\/p>\n<h2><strong>Anna Malenfant \u2013 (1902-1988)<\/strong><\/h2>\n<p>Anna Malenfant est native de Sh\u00e9diac. Elle fait des \u00e9tudes lyriques et se produit surtout comme contralto.&nbsp; En 1932, elle se joint \u00e0 Lionel Daunais et Ludovic Huot au sein du Trio Lyrique.&nbsp; Leur r\u00e9pertoire aux teintes folklorique est diffus\u00e9 entre autres sur les ondes de la Commission Canadienne de Radiodiffusion. Elle poursuit sa carri\u00e8re solo de cantatrice simultan\u00e9ment, notamment avec la Soci\u00e9t\u00e9 de Concerts Symphoniques de Montr\u00e9al.<\/p>\n<p><img loading=\"lazy\" decoding=\"async\" class=\"alignnone size-full wp-image-498\" src=\"https:\/\/www.maresidenceretraite.ca\/blogue\/wp-content\/uploads\/2018\/04\/anna_malenfant-1.jpg\" alt=\"anna_malenfant\" width=\"810\" height=\"450\" srcset=\"https:\/\/www.maresidenceretraite.ca\/blogue\/wp-content\/uploads\/2018\/04\/anna_malenfant-1.jpg 810w, https:\/\/www.maresidenceretraite.ca\/blogue\/wp-content\/uploads\/2018\/04\/anna_malenfant-1-300x167.jpg 300w, https:\/\/www.maresidenceretraite.ca\/blogue\/wp-content\/uploads\/2018\/04\/anna_malenfant-1-768x427.jpg 768w\" sizes=\"auto, (max-width: 810px) 100vw, 810px\" \/><\/p>\n<p><iframe loading=\"lazy\" src=\"https:\/\/www.youtube.com\/embed\/5nitL_c8Bms?rel=0&amp;showinfo=0\" width=\"810\" height=\"450\" frameborder=\"0\" allowfullscreen=\"allowfullscreen\"><\/iframe><\/p>\n<p><strong>&nbsp;<\/strong><\/p>\n<h2>Alys Robi \u2013 (1923-2011)<\/h2>\n<p>C\u2019est du haut de ses quatre&nbsp;ans que la petite Alys Robitaille commence sa carri\u00e8re artistique. Elle chante dans des galas et des f\u00eates. D\u00e8s l\u2019\u00e2ge de 13 ans, elle devient&nbsp;com\u00e9dienne et chanteuse. Elle pr\u00e9sente son premier spectacle \u00ab&nbsp;officiel&nbsp;\u00bb en tant qu\u2019Alys Robi au Th\u00e9\u00e2tre du Capitole \u00e0 Qu\u00e9bec en 1930. En 1942 elle endisque la chanson \u00ab&nbsp;Tiko Tiko&nbsp;\u00bb, qui aura un \u00e9norme succ\u00e8s. \u00c0 partir de 1944, Alys Robi fait voyager son talent. Tout commence par un contrat \u00e0 Londres pour la BBC, elle se produira ensuite dans plusieurs pays. Elle a \u00e9t\u00e9 la premi\u00e8re chanteuse qu\u00e9b\u00e9coise de renomm\u00e9e internationale.<br \/>\nEn 2004, Denise Filiatrault r\u00e9alise le film \u00ab&nbsp;Ma vie en cin\u00e9mascope&nbsp;\u00bb, dans lequel la com\u00e9dienne Pascale Bussi\u00e8re incarne la grande Alys Robi.<\/p>\n<p><img loading=\"lazy\" decoding=\"async\" class=\"alignnone size-full wp-image-495\" src=\"https:\/\/www.maresidenceretraite.ca\/blogue\/wp-content\/uploads\/2018\/04\/Alys_robi.jpg\" alt=\"\" width=\"810\" height=\"450\" srcset=\"https:\/\/www.maresidenceretraite.ca\/blogue\/wp-content\/uploads\/2018\/04\/Alys_robi.jpg 810w, https:\/\/www.maresidenceretraite.ca\/blogue\/wp-content\/uploads\/2018\/04\/Alys_robi-300x167.jpg 300w, https:\/\/www.maresidenceretraite.ca\/blogue\/wp-content\/uploads\/2018\/04\/Alys_robi-768x427.jpg 768w\" sizes=\"auto, (max-width: 810px) 100vw, 810px\" \/><\/p>\n<p><script async=\"\" src=\"\/\/pagead2.googlesyndication.com\/pagead\/js\/adsbygoogle.js\"><\/script><br \/>\n<!-- MRR - pub dans les posts sur le blogue --><br \/>\n<ins class=\"adsbygoogle\" style=\"display: block;\" data-ad-client=\"ca-pub-3346598485307293\" data-ad-slot=\"8935186562\" data-ad-format=\"auto\"><\/ins><br \/>\n<script><br \/>\n(adsbygoogle = window.adsbygoogle || []).push({});<br \/>\n<\/script><\/p>\n<p><iframe loading=\"lazy\" src=\"https:\/\/www.youtube.com\/embed\/o60I0uXIzG0?rel=0&amp;showinfo=0\" width=\"810\" height=\"450\" frameborder=\"0\" allowfullscreen=\"allowfullscreen\"><\/iframe><\/p>\n<h2>Colette Bonheur \u2013 (1927-1966)<\/h2>\n<p>Colette Chailler grandit au sein d\u2019une famille plut\u00f4t artistique. Sa m\u00e8re, Lise Bonheur, en plus d\u2019\u00eatre chanteuse et com\u00e9dienne dirige une \u00e9cole de danse et de chant. C\u2019est sur les ondes de la radio CKVL, dans une \u00e9mission de Jacques Normand, que la carri\u00e8re de Colette Bonheur est lanc\u00e9e en 1947. L\u2019ann\u00e9e suivante, elle anime, chaque semaine, \u00e0 Radio Canada un quart d\u2019heure d\u00e9di\u00e9 \u00e0 la chanson. En 1950, elle joint la troupe d\u2019un cabaret. Elle conjugue radio, t\u00e9l\u00e9 et sc\u00e8ne jusqu\u2019\u00e0 la fin de sa carri\u00e8re. Carri\u00e8re qui se termine tragiquement par son d\u00e9c\u00e8s en 1966 \u00e0 l\u2019\u00e2ge de 39 ans.<\/p>\n<p><img loading=\"lazy\" decoding=\"async\" class=\"alignnone size-full wp-image-500\" src=\"https:\/\/www.maresidenceretraite.ca\/blogue\/wp-content\/uploads\/2018\/04\/colette_bonheur.jpg\" alt=\"colette_bonheur\" width=\"810\" height=\"450\" srcset=\"https:\/\/www.maresidenceretraite.ca\/blogue\/wp-content\/uploads\/2018\/04\/colette_bonheur.jpg 810w, https:\/\/www.maresidenceretraite.ca\/blogue\/wp-content\/uploads\/2018\/04\/colette_bonheur-300x167.jpg 300w, https:\/\/www.maresidenceretraite.ca\/blogue\/wp-content\/uploads\/2018\/04\/colette_bonheur-768x427.jpg 768w\" sizes=\"auto, (max-width: 810px) 100vw, 810px\" \/><\/p>\n<p><iframe loading=\"lazy\" src=\"https:\/\/www.youtube.com\/embed\/pAacxBye96U?rel=0&amp;showinfo=0\" width=\"810\" height=\"450\" frameborder=\"0\" allowfullscreen=\"allowfullscreen\"><\/iframe><\/p>\n<h2>Lucile Dumont \u2013 (1919-2016)<\/h2>\n<p>N\u00e9e \u00e0 Montr\u00e9al, Lucille Dumont d\u00e9bute sa carri\u00e8re \u00e0 la radio en 1935. Elle participera \u00e0 plusieurs revues musicales \u00e0 partir de 1946. C\u2019est en 1947 qu\u2019elle conna\u00eet enfin une forme de succ\u00e8s avec ses chansons. \u00c0 partir de 1953, c\u2019est \u00e0 la t\u00e9l\u00e9, en tant qu&rsquo;animatrice qu&rsquo;on la retrouvera; elle y demeurera pendant de nombreuses ann\u00e9es.&nbsp; En 1957 sa chanson \u00ab&nbsp;Le ciel se marie avec la mer&nbsp;\u00bb remporte le premier festival de la chanson canadienne de Radio-Canada en 1957. En 1968, Lucille Dumont fonde une \u00e9cole de chant et d\u2019interpr\u00e9tation: L\u2019Atelier de la Chanson, qu\u2019elle dirigera jusqu\u2019en 2008.<\/p>\n<p><img loading=\"lazy\" decoding=\"async\" class=\"alignnone size-full wp-image-501\" src=\"https:\/\/www.maresidenceretraite.ca\/blogue\/wp-content\/uploads\/2018\/04\/lucille.jpg\" alt=\"\" width=\"810\" height=\"450\" srcset=\"https:\/\/www.maresidenceretraite.ca\/blogue\/wp-content\/uploads\/2018\/04\/lucille.jpg 810w, https:\/\/www.maresidenceretraite.ca\/blogue\/wp-content\/uploads\/2018\/04\/lucille-300x167.jpg 300w, https:\/\/www.maresidenceretraite.ca\/blogue\/wp-content\/uploads\/2018\/04\/lucille-768x427.jpg 768w\" sizes=\"auto, (max-width: 810px) 100vw, 810px\" \/><\/p>\n<p><script async=\"\" src=\"\/\/pagead2.googlesyndication.com\/pagead\/js\/adsbygoogle.js\"><\/script><br \/>\n<!-- MRR - pub dans les posts sur le blogue --><br \/>\n<ins class=\"adsbygoogle\" style=\"display: block;\" data-ad-client=\"ca-pub-3346598485307293\" data-ad-slot=\"8935186562\" data-ad-format=\"auto\"><\/ins><br \/>\n<script><br \/>\n(adsbygoogle = window.adsbygoogle || []).push({});<br \/>\n<\/script><\/p>\n<p><iframe loading=\"lazy\" src=\"https:\/\/www.youtube.com\/embed\/FSqALKhvXbE?rel=0&amp;showinfo=0\" width=\"810\" height=\"450\" frameborder=\"0\" allowfullscreen=\"allowfullscreen\"><\/iframe><\/p>\n<h2>Muriel Millard \u2013 (1922-2014)<\/h2>\n<p>Cette grande dame du music-hall a d\u00e9but\u00e9 sa carri\u00e8re en 1935 alors qu\u2019elle n\u2019avait que 13 ans. En 1938, elle remporte un concours de jeunes talents de la radio CKAC. \u00ab&nbsp;Y\u2019a pas d\u2019cerises en Alaska&nbsp;\u00bb endisqu\u00e9 en 1942 est son premier grand succ\u00e8s. Elle poursuit sa carri\u00e8re sur les sc\u00e8nes de cabarets et \u00e0 la t\u00e9l\u00e9. En 1969, elle se retire presque compl\u00e8tement de la sc\u00e8ne.<\/p>\n<p><img loading=\"lazy\" decoding=\"async\" class=\"alignnone size-full wp-image-503\" src=\"https:\/\/www.maresidenceretraite.ca\/blogue\/wp-content\/uploads\/2018\/04\/muriel-1.jpg\" alt=\"muriel millard\" width=\"810\" height=\"450\" srcset=\"https:\/\/www.maresidenceretraite.ca\/blogue\/wp-content\/uploads\/2018\/04\/muriel-1.jpg 810w, https:\/\/www.maresidenceretraite.ca\/blogue\/wp-content\/uploads\/2018\/04\/muriel-1-300x167.jpg 300w, https:\/\/www.maresidenceretraite.ca\/blogue\/wp-content\/uploads\/2018\/04\/muriel-1-768x427.jpg 768w\" sizes=\"auto, (max-width: 810px) 100vw, 810px\" \/><\/p>\n<p><iframe loading=\"lazy\" src=\"https:\/\/www.youtube.com\/embed\/f0Pad4RRI9o?rel=0&amp;showinfo=0\" width=\"810\" height=\"450\" frameborder=\"0\" allowfullscreen=\"allowfullscreen\"><\/iframe><\/p>\n<h3>Sur les traces de notre histoire<\/h3>\n<p>Pour d\u00e9couvrir Montr\u00e9al et ses attraits historiques, nous vous invitons \u00e0 aller lire <strong><a href=\"https:\/\/www.maresidenceretraite.ca\/blogue\/les-plaisirs-du-tourisme\/concours-promenades-historiques-a-montreal\/\" target=\"_blank\" rel=\"noopener noreferrer\">cet article paru derni\u00e8rement<\/a>,<\/strong> ce n&rsquo;est pas la Bolduc mais ce sont des notes d&rsquo;histoire distrayantes. Bonne d\u00e9couvertes!<\/p>\n","protected":false},"excerpt":{"rendered":"<p>La sortie du film La Bolduc de Fran\u00e7ois Bouvier rallume les projecteurs sur la c\u00e9l\u00e8bre chanteuse. Mary Travers a fait chanter le Qu\u00e9bec des ann\u00e9es 30, \u00e0 cette \u00e9poque la chanson \u00e9tait encore un domaine principalement masculin. Si sa personnalit\u00e9 color\u00e9e a fait d\u2019elle une ic\u00f4ne, d\u2019autres voix de femme ont aussi charm\u00e9 cette \u00e9poque [&hellip;]<\/p>\n","protected":false},"author":6,"featured_media":570,"comment_status":"closed","ping_status":"closed","sticky":false,"template":"","format":"standard","meta":{"footnotes":""},"categories":[24],"tags":[],"class_list":["post-540","post","type-post","status-publish","format-standard","has-post-thumbnail","hentry","category-art-de-vivre"],"yoast_head":"<!-- This site is optimized with the Yoast SEO plugin v27.4 - https:\/\/yoast.com\/product\/yoast-seo-wordpress\/ -->\n<title>La Bolduc n&#039;\u00e9tait pas seule \u00e0 chanter<\/title>\n<meta name=\"description\" content=\"Le film de Fran\u00e7ois Bouvier remet la c\u00e9l\u00e8bre Bolduc \u00e0 l&#039;affiche. La Bolduc n&#039;\u00e9tait pas seule \u00e8 chanter dans les ann\u00e9es 30 et 40.\" \/>\n<meta name=\"robots\" content=\"index, follow, max-snippet:-1, max-image-preview:large, max-video-preview:-1\" \/>\n<link rel=\"canonical\" href=\"https:\/\/www.maresidenceretraite.ca\/blogue\/la-bolduc-netait-pas-seule-a-chanter\/\" \/>\n<meta property=\"og:locale\" content=\"fr_FR\" \/>\n<meta property=\"og:type\" content=\"article\" \/>\n<meta property=\"og:title\" content=\"La Bolduc n&#039;\u00e9tait pas seule \u00e0 chanter\" \/>\n<meta property=\"og:description\" content=\"Le film de Fran\u00e7ois Bouvier remet la c\u00e9l\u00e8bre Bolduc \u00e0 l&#039;affiche. La Bolduc n&#039;\u00e9tait pas seule \u00e8 chanter dans les ann\u00e9es 30 et 40.\" \/>\n<meta property=\"og:url\" content=\"https:\/\/www.maresidenceretraite.ca\/blogue\/la-bolduc-netait-pas-seule-a-chanter\/\" \/>\n<meta property=\"article:published_time\" content=\"2018-05-19T19:53:17+00:00\" \/>\n<meta property=\"article:modified_time\" content=\"2024-02-09T19:15:13+00:00\" \/>\n<meta property=\"og:image\" content=\"https:\/\/www.maresidenceretraite.ca\/blogue\/wp-content\/uploads\/2018\/04\/la-bolduc.jpg\" \/>\n\t<meta property=\"og:image:width\" content=\"1920\" \/>\n\t<meta property=\"og:image:height\" content=\"1080\" \/>\n\t<meta property=\"og:image:type\" content=\"image\/jpeg\" \/>\n<meta name=\"author\" content=\"Chrystelle Pasquet\" \/>\n<meta name=\"twitter:card\" content=\"summary_large_image\" \/>\n<meta name=\"twitter:label1\" content=\"Written by\" \/>\n\t<meta name=\"twitter:data1\" content=\"Chrystelle Pasquet\" \/>\n\t<meta name=\"twitter:label2\" content=\"Est. reading time\" \/>\n\t<meta name=\"twitter:data2\" content=\"5 minutes\" \/>\n<script type=\"application\/ld+json\" class=\"yoast-schema-graph\">{\"@context\":\"https:\\\/\\\/schema.org\",\"@graph\":[{\"@type\":\"Article\",\"@id\":\"https:\\\/\\\/www.maresidenceretraite.ca\\\/blogue\\\/la-bolduc-netait-pas-seule-a-chanter\\\/#article\",\"isPartOf\":{\"@id\":\"https:\\\/\\\/www.maresidenceretraite.ca\\\/blogue\\\/la-bolduc-netait-pas-seule-a-chanter\\\/\"},\"author\":{\"name\":\"Chrystelle Pasquet\",\"@id\":\"https:\\\/\\\/www.maresidenceretraite.ca\\\/blogue\\\/#\\\/schema\\\/person\\\/990165780b3a4a42e0f447a3785e7bef\"},\"headline\":\"La Bolduc n&rsquo;\u00e9tait pas seule \u00e0 chanter\",\"datePublished\":\"2018-05-19T19:53:17+00:00\",\"dateModified\":\"2024-02-09T19:15:13+00:00\",\"mainEntityOfPage\":{\"@id\":\"https:\\\/\\\/www.maresidenceretraite.ca\\\/blogue\\\/la-bolduc-netait-pas-seule-a-chanter\\\/\"},\"wordCount\":648,\"publisher\":{\"@id\":\"https:\\\/\\\/www.maresidenceretraite.ca\\\/blogue\\\/#organization\"},\"image\":{\"@id\":\"https:\\\/\\\/www.maresidenceretraite.ca\\\/blogue\\\/la-bolduc-netait-pas-seule-a-chanter\\\/#primaryimage\"},\"thumbnailUrl\":\"https:\\\/\\\/www.maresidenceretraite.ca\\\/blogue\\\/wp-content\\\/uploads\\\/2018\\\/04\\\/la-bolduc.jpg\",\"articleSection\":[\"ART DE VIVRE\"],\"inLanguage\":\"fr-FR\"},{\"@type\":\"WebPage\",\"@id\":\"https:\\\/\\\/www.maresidenceretraite.ca\\\/blogue\\\/la-bolduc-netait-pas-seule-a-chanter\\\/\",\"url\":\"https:\\\/\\\/www.maresidenceretraite.ca\\\/blogue\\\/la-bolduc-netait-pas-seule-a-chanter\\\/\",\"name\":\"La Bolduc n'\u00e9tait pas seule \u00e0 chanter\",\"isPartOf\":{\"@id\":\"https:\\\/\\\/www.maresidenceretraite.ca\\\/blogue\\\/#website\"},\"primaryImageOfPage\":{\"@id\":\"https:\\\/\\\/www.maresidenceretraite.ca\\\/blogue\\\/la-bolduc-netait-pas-seule-a-chanter\\\/#primaryimage\"},\"image\":{\"@id\":\"https:\\\/\\\/www.maresidenceretraite.ca\\\/blogue\\\/la-bolduc-netait-pas-seule-a-chanter\\\/#primaryimage\"},\"thumbnailUrl\":\"https:\\\/\\\/www.maresidenceretraite.ca\\\/blogue\\\/wp-content\\\/uploads\\\/2018\\\/04\\\/la-bolduc.jpg\",\"datePublished\":\"2018-05-19T19:53:17+00:00\",\"dateModified\":\"2024-02-09T19:15:13+00:00\",\"description\":\"Le film de Fran\u00e7ois Bouvier remet la c\u00e9l\u00e8bre Bolduc \u00e0 l'affiche. La Bolduc n'\u00e9tait pas seule \u00e8 chanter dans les ann\u00e9es 30 et 40.\",\"breadcrumb\":{\"@id\":\"https:\\\/\\\/www.maresidenceretraite.ca\\\/blogue\\\/la-bolduc-netait-pas-seule-a-chanter\\\/#breadcrumb\"},\"inLanguage\":\"fr-FR\",\"potentialAction\":[{\"@type\":\"ReadAction\",\"target\":[\"https:\\\/\\\/www.maresidenceretraite.ca\\\/blogue\\\/la-bolduc-netait-pas-seule-a-chanter\\\/\"]}]},{\"@type\":\"ImageObject\",\"inLanguage\":\"fr-FR\",\"@id\":\"https:\\\/\\\/www.maresidenceretraite.ca\\\/blogue\\\/la-bolduc-netait-pas-seule-a-chanter\\\/#primaryimage\",\"url\":\"https:\\\/\\\/www.maresidenceretraite.ca\\\/blogue\\\/wp-content\\\/uploads\\\/2018\\\/04\\\/la-bolduc.jpg\",\"contentUrl\":\"https:\\\/\\\/www.maresidenceretraite.ca\\\/blogue\\\/wp-content\\\/uploads\\\/2018\\\/04\\\/la-bolduc.jpg\",\"width\":1920,\"height\":1080},{\"@type\":\"BreadcrumbList\",\"@id\":\"https:\\\/\\\/www.maresidenceretraite.ca\\\/blogue\\\/la-bolduc-netait-pas-seule-a-chanter\\\/#breadcrumb\",\"itemListElement\":[{\"@type\":\"ListItem\",\"position\":1,\"name\":\"Accueil\",\"item\":\"https:\\\/\\\/www.maresidenceretraite.ca\\\/blogue\\\/\"},{\"@type\":\"ListItem\",\"position\":2,\"name\":\"La Bolduc n&rsquo;\u00e9tait pas seule \u00e0 chanter\"}]},{\"@type\":\"WebSite\",\"@id\":\"https:\\\/\\\/www.maresidenceretraite.ca\\\/blogue\\\/#website\",\"url\":\"https:\\\/\\\/www.maresidenceretraite.ca\\\/blogue\\\/\",\"name\":\"\",\"description\":\"Articles traitant de la retraite et des a\u00een\u00e9s.\",\"publisher\":{\"@id\":\"https:\\\/\\\/www.maresidenceretraite.ca\\\/blogue\\\/#organization\"},\"potentialAction\":[{\"@type\":\"SearchAction\",\"target\":{\"@type\":\"EntryPoint\",\"urlTemplate\":\"https:\\\/\\\/www.maresidenceretraite.ca\\\/blogue\\\/?s={search_term_string}\"},\"query-input\":{\"@type\":\"PropertyValueSpecification\",\"valueRequired\":true,\"valueName\":\"search_term_string\"}}],\"inLanguage\":\"fr-FR\"},{\"@type\":\"Organization\",\"@id\":\"https:\\\/\\\/www.maresidenceretraite.ca\\\/blogue\\\/#organization\",\"name\":\"SiLO Communication\",\"url\":\"https:\\\/\\\/www.maresidenceretraite.ca\\\/blogue\\\/\",\"logo\":{\"@type\":\"ImageObject\",\"inLanguage\":\"fr-FR\",\"@id\":\"https:\\\/\\\/www.maresidenceretraite.ca\\\/blogue\\\/#\\\/schema\\\/logo\\\/image\\\/\",\"url\":\"https:\\\/\\\/www.maresidenceretraite.ca\\\/blogue\\\/wp-content\\\/uploads\\\/2017\\\/07\\\/silo-logo-css.jpg\",\"contentUrl\":\"https:\\\/\\\/www.maresidenceretraite.ca\\\/blogue\\\/wp-content\\\/uploads\\\/2017\\\/07\\\/silo-logo-css.jpg\",\"width\":600,\"height\":400,\"caption\":\"SiLO Communication\"},\"image\":{\"@id\":\"https:\\\/\\\/www.maresidenceretraite.ca\\\/blogue\\\/#\\\/schema\\\/logo\\\/image\\\/\"}},{\"@type\":\"Person\",\"@id\":\"https:\\\/\\\/www.maresidenceretraite.ca\\\/blogue\\\/#\\\/schema\\\/person\\\/990165780b3a4a42e0f447a3785e7bef\",\"name\":\"Chrystelle Pasquet\",\"image\":{\"@type\":\"ImageObject\",\"inLanguage\":\"fr-FR\",\"@id\":\"https:\\\/\\\/secure.gravatar.com\\\/avatar\\\/caa48b3de801cf17f85f26bb7429027ec67aaa3f6859cfa8ceaef2202243eb89?s=96&d=mm&r=g\",\"url\":\"https:\\\/\\\/secure.gravatar.com\\\/avatar\\\/caa48b3de801cf17f85f26bb7429027ec67aaa3f6859cfa8ceaef2202243eb89?s=96&d=mm&r=g\",\"contentUrl\":\"https:\\\/\\\/secure.gravatar.com\\\/avatar\\\/caa48b3de801cf17f85f26bb7429027ec67aaa3f6859cfa8ceaef2202243eb89?s=96&d=mm&r=g\",\"caption\":\"Chrystelle Pasquet\"},\"url\":\"https:\\\/\\\/www.maresidenceretraite.ca\\\/blogue\\\/author\\\/chrystelle\\\/\"}]}<\/script>\n<!-- \/ Yoast SEO plugin. -->","yoast_head_json":{"title":"La Bolduc n'\u00e9tait pas seule \u00e0 chanter","description":"Le film de Fran\u00e7ois Bouvier remet la c\u00e9l\u00e8bre Bolduc \u00e0 l'affiche. La Bolduc n'\u00e9tait pas seule \u00e8 chanter dans les ann\u00e9es 30 et 40.","robots":{"index":"index","follow":"follow","max-snippet":"max-snippet:-1","max-image-preview":"max-image-preview:large","max-video-preview":"max-video-preview:-1"},"canonical":"https:\/\/www.maresidenceretraite.ca\/blogue\/la-bolduc-netait-pas-seule-a-chanter\/","og_locale":"fr_FR","og_type":"article","og_title":"La Bolduc n'\u00e9tait pas seule \u00e0 chanter","og_description":"Le film de Fran\u00e7ois Bouvier remet la c\u00e9l\u00e8bre Bolduc \u00e0 l'affiche. La Bolduc n'\u00e9tait pas seule \u00e8 chanter dans les ann\u00e9es 30 et 40.","og_url":"https:\/\/www.maresidenceretraite.ca\/blogue\/la-bolduc-netait-pas-seule-a-chanter\/","article_published_time":"2018-05-19T19:53:17+00:00","article_modified_time":"2024-02-09T19:15:13+00:00","og_image":[{"width":1920,"height":1080,"url":"https:\/\/www.maresidenceretraite.ca\/blogue\/wp-content\/uploads\/2018\/04\/la-bolduc.jpg","type":"image\/jpeg"}],"author":"Chrystelle Pasquet","twitter_card":"summary_large_image","twitter_misc":{"Written by":"Chrystelle Pasquet","Est. reading time":"5 minutes"},"schema":{"@context":"https:\/\/schema.org","@graph":[{"@type":"Article","@id":"https:\/\/www.maresidenceretraite.ca\/blogue\/la-bolduc-netait-pas-seule-a-chanter\/#article","isPartOf":{"@id":"https:\/\/www.maresidenceretraite.ca\/blogue\/la-bolduc-netait-pas-seule-a-chanter\/"},"author":{"name":"Chrystelle Pasquet","@id":"https:\/\/www.maresidenceretraite.ca\/blogue\/#\/schema\/person\/990165780b3a4a42e0f447a3785e7bef"},"headline":"La Bolduc n&rsquo;\u00e9tait pas seule \u00e0 chanter","datePublished":"2018-05-19T19:53:17+00:00","dateModified":"2024-02-09T19:15:13+00:00","mainEntityOfPage":{"@id":"https:\/\/www.maresidenceretraite.ca\/blogue\/la-bolduc-netait-pas-seule-a-chanter\/"},"wordCount":648,"publisher":{"@id":"https:\/\/www.maresidenceretraite.ca\/blogue\/#organization"},"image":{"@id":"https:\/\/www.maresidenceretraite.ca\/blogue\/la-bolduc-netait-pas-seule-a-chanter\/#primaryimage"},"thumbnailUrl":"https:\/\/www.maresidenceretraite.ca\/blogue\/wp-content\/uploads\/2018\/04\/la-bolduc.jpg","articleSection":["ART DE VIVRE"],"inLanguage":"fr-FR"},{"@type":"WebPage","@id":"https:\/\/www.maresidenceretraite.ca\/blogue\/la-bolduc-netait-pas-seule-a-chanter\/","url":"https:\/\/www.maresidenceretraite.ca\/blogue\/la-bolduc-netait-pas-seule-a-chanter\/","name":"La Bolduc n'\u00e9tait pas seule \u00e0 chanter","isPartOf":{"@id":"https:\/\/www.maresidenceretraite.ca\/blogue\/#website"},"primaryImageOfPage":{"@id":"https:\/\/www.maresidenceretraite.ca\/blogue\/la-bolduc-netait-pas-seule-a-chanter\/#primaryimage"},"image":{"@id":"https:\/\/www.maresidenceretraite.ca\/blogue\/la-bolduc-netait-pas-seule-a-chanter\/#primaryimage"},"thumbnailUrl":"https:\/\/www.maresidenceretraite.ca\/blogue\/wp-content\/uploads\/2018\/04\/la-bolduc.jpg","datePublished":"2018-05-19T19:53:17+00:00","dateModified":"2024-02-09T19:15:13+00:00","description":"Le film de Fran\u00e7ois Bouvier remet la c\u00e9l\u00e8bre Bolduc \u00e0 l'affiche. La Bolduc n'\u00e9tait pas seule \u00e8 chanter dans les ann\u00e9es 30 et 40.","breadcrumb":{"@id":"https:\/\/www.maresidenceretraite.ca\/blogue\/la-bolduc-netait-pas-seule-a-chanter\/#breadcrumb"},"inLanguage":"fr-FR","potentialAction":[{"@type":"ReadAction","target":["https:\/\/www.maresidenceretraite.ca\/blogue\/la-bolduc-netait-pas-seule-a-chanter\/"]}]},{"@type":"ImageObject","inLanguage":"fr-FR","@id":"https:\/\/www.maresidenceretraite.ca\/blogue\/la-bolduc-netait-pas-seule-a-chanter\/#primaryimage","url":"https:\/\/www.maresidenceretraite.ca\/blogue\/wp-content\/uploads\/2018\/04\/la-bolduc.jpg","contentUrl":"https:\/\/www.maresidenceretraite.ca\/blogue\/wp-content\/uploads\/2018\/04\/la-bolduc.jpg","width":1920,"height":1080},{"@type":"BreadcrumbList","@id":"https:\/\/www.maresidenceretraite.ca\/blogue\/la-bolduc-netait-pas-seule-a-chanter\/#breadcrumb","itemListElement":[{"@type":"ListItem","position":1,"name":"Accueil","item":"https:\/\/www.maresidenceretraite.ca\/blogue\/"},{"@type":"ListItem","position":2,"name":"La Bolduc n&rsquo;\u00e9tait pas seule \u00e0 chanter"}]},{"@type":"WebSite","@id":"https:\/\/www.maresidenceretraite.ca\/blogue\/#website","url":"https:\/\/www.maresidenceretraite.ca\/blogue\/","name":"","description":"Articles traitant de la retraite et des a\u00een\u00e9s.","publisher":{"@id":"https:\/\/www.maresidenceretraite.ca\/blogue\/#organization"},"potentialAction":[{"@type":"SearchAction","target":{"@type":"EntryPoint","urlTemplate":"https:\/\/www.maresidenceretraite.ca\/blogue\/?s={search_term_string}"},"query-input":{"@type":"PropertyValueSpecification","valueRequired":true,"valueName":"search_term_string"}}],"inLanguage":"fr-FR"},{"@type":"Organization","@id":"https:\/\/www.maresidenceretraite.ca\/blogue\/#organization","name":"SiLO Communication","url":"https:\/\/www.maresidenceretraite.ca\/blogue\/","logo":{"@type":"ImageObject","inLanguage":"fr-FR","@id":"https:\/\/www.maresidenceretraite.ca\/blogue\/#\/schema\/logo\/image\/","url":"https:\/\/www.maresidenceretraite.ca\/blogue\/wp-content\/uploads\/2017\/07\/silo-logo-css.jpg","contentUrl":"https:\/\/www.maresidenceretraite.ca\/blogue\/wp-content\/uploads\/2017\/07\/silo-logo-css.jpg","width":600,"height":400,"caption":"SiLO Communication"},"image":{"@id":"https:\/\/www.maresidenceretraite.ca\/blogue\/#\/schema\/logo\/image\/"}},{"@type":"Person","@id":"https:\/\/www.maresidenceretraite.ca\/blogue\/#\/schema\/person\/990165780b3a4a42e0f447a3785e7bef","name":"Chrystelle Pasquet","image":{"@type":"ImageObject","inLanguage":"fr-FR","@id":"https:\/\/secure.gravatar.com\/avatar\/caa48b3de801cf17f85f26bb7429027ec67aaa3f6859cfa8ceaef2202243eb89?s=96&d=mm&r=g","url":"https:\/\/secure.gravatar.com\/avatar\/caa48b3de801cf17f85f26bb7429027ec67aaa3f6859cfa8ceaef2202243eb89?s=96&d=mm&r=g","contentUrl":"https:\/\/secure.gravatar.com\/avatar\/caa48b3de801cf17f85f26bb7429027ec67aaa3f6859cfa8ceaef2202243eb89?s=96&d=mm&r=g","caption":"Chrystelle Pasquet"},"url":"https:\/\/www.maresidenceretraite.ca\/blogue\/author\/chrystelle\/"}]}},"_links":{"self":[{"href":"https:\/\/www.maresidenceretraite.ca\/blogue\/wp-json\/wp\/v2\/posts\/540","targetHints":{"allow":["GET"]}}],"collection":[{"href":"https:\/\/www.maresidenceretraite.ca\/blogue\/wp-json\/wp\/v2\/posts"}],"about":[{"href":"https:\/\/www.maresidenceretraite.ca\/blogue\/wp-json\/wp\/v2\/types\/post"}],"author":[{"embeddable":true,"href":"https:\/\/www.maresidenceretraite.ca\/blogue\/wp-json\/wp\/v2\/users\/6"}],"replies":[{"embeddable":true,"href":"https:\/\/www.maresidenceretraite.ca\/blogue\/wp-json\/wp\/v2\/comments?post=540"}],"version-history":[{"count":1,"href":"https:\/\/www.maresidenceretraite.ca\/blogue\/wp-json\/wp\/v2\/posts\/540\/revisions"}],"predecessor-version":[{"id":2036,"href":"https:\/\/www.maresidenceretraite.ca\/blogue\/wp-json\/wp\/v2\/posts\/540\/revisions\/2036"}],"wp:featuredmedia":[{"embeddable":true,"href":"https:\/\/www.maresidenceretraite.ca\/blogue\/wp-json\/wp\/v2\/media\/570"}],"wp:attachment":[{"href":"https:\/\/www.maresidenceretraite.ca\/blogue\/wp-json\/wp\/v2\/media?parent=540"}],"wp:term":[{"taxonomy":"category","embeddable":true,"href":"https:\/\/www.maresidenceretraite.ca\/blogue\/wp-json\/wp\/v2\/categories?post=540"},{"taxonomy":"post_tag","embeddable":true,"href":"https:\/\/www.maresidenceretraite.ca\/blogue\/wp-json\/wp\/v2\/tags?post=540"}],"curies":[{"name":"wp","href":"https:\/\/api.w.org\/{rel}","templated":true}]}}