{"id":556,"date":"2018-05-15T09:31:02","date_gmt":"2018-05-15T14:31:02","guid":{"rendered":"https:\/\/www.maresidenceretraite.ca\/blogue\/?p=556"},"modified":"2018-05-15T09:31:02","modified_gmt":"2018-05-15T14:31:02","slug":"portes-ouvertes-de-residences-du-rqap","status":"publish","type":"post","link":"https:\/\/www.maresidenceretraite.ca\/blogue\/portes-ouvertes-de-residences-du-rqap\/","title":{"rendered":"Portes-ouvertes de r\u00e9sidences du RQRA"},"content":{"rendered":"<p><strong>C\u2019\u00e9tait jour de f\u00eate le 29 avril chez environ 400 membres du <a href=\"https:\/\/www.rqra.qc.ca\/\" target=\"_blank\" rel=\"noopener noreferrer\">RQRA<\/a> (Regroupement Qu\u00e9b\u00e9cois des R\u00e9sidences pour A\u00een\u00e9s). Le public \u00e9tait\u00a0convi\u00e9 \u00e0 une septi\u00e8me \u00e9dition de portes-ouvertes. Une invitation \u00e0 venir constater qu\u2019au-del\u00e0 des mythes, la vie en r\u00e9sidence est \u00e0 mille lieues\u00a0d\u2019\u00eatre morne!<\/strong><\/p>\n<p>J&rsquo;ai profit\u00e9 de l\u2019\u00e9v\u00e9nement pour aller me plonger dans cet univers l\u2019espace de quelques heures. L\u2019occasion \u00e9tait parfaite pour d\u00e9couvrir ce monde souvent malmen\u00e9 par les croyances populaires. Comme j&rsquo;avais un horaire serr\u00e9, j\u2019ai jet\u00e9 mon d\u00e9volu sur la r\u00e9sidence la\u00a0plus pr\u00e8s de chez moi\u00a0: <a href=\"https:\/\/www.maresidenceretraite.ca\/vu\/1016\/\" target=\"_blank\" rel=\"noopener noreferrer\">Le V\u00dc<\/a> \u00e0 Sherbrooke.<\/p>\n<p>C\u2019est sous une pluie battante que je suis arriv\u00e9e devant Le V\u00dc en m\u00eame temps qu\u2019une dizaine de personnes. \u00c0 l\u2019int\u00e9rieur il y avait d\u00e9j\u00e0 pas mal de monde. Plusieurs visitaient avec un parent plus \u00e2g\u00e9, d\u2019autres pour eux m\u00eame je suppose. Ce sont des membres du personnel et des r\u00e9sidents qui accueillaient les visiteurs. Un comit\u00e9 d\u2019accueil tout sourire! R\u00e9partis en petits groupes avec pour guide un duo membre du personnel-r\u00e9sident que nous avons commenc\u00e9 la visite.<\/p>\n<h3>Comme un grand h\u00f4tel<\/h3>\n<p>Le vaste hall d\u2019entr\u00e9e au design actuel est occup\u00e9 par la r\u00e9ception et quelques \u00eelots de d\u00e9tente invitants. Des reproductions de photographies d\u2019\u00e9poque de la ville sur un des murs font un beau clin d\u2019\u0153il au temps qui passe. La lumi\u00e8re occupe une grande place, tant celle de l\u2019ext\u00e9rieur que celle que diffusent d\u2019impressionnants luminaires. On pourrait ais\u00e9ment se croire dans l\u2019entr\u00e9e d\u2019un grand h\u00f4tel.<\/p>\n<p><img loading=\"lazy\" decoding=\"async\" class=\"alignnone size-full wp-image-560\" src=\"https:\/\/www.maresidenceretraite.ca\/blogue\/wp-content\/uploads\/2018\/05\/vu_rdc.jpg\" alt=\"residence le VU\" width=\"810\" height=\"450\" srcset=\"https:\/\/www.maresidenceretraite.ca\/blogue\/wp-content\/uploads\/2018\/05\/vu_rdc.jpg 810w, https:\/\/www.maresidenceretraite.ca\/blogue\/wp-content\/uploads\/2018\/05\/vu_rdc-300x167.jpg 300w, https:\/\/www.maresidenceretraite.ca\/blogue\/wp-content\/uploads\/2018\/05\/vu_rdc-768x427.jpg 768w\" sizes=\"auto, (max-width: 810px) 100vw, 810px\" \/><\/p>\n<p><script async src=\"\/\/pagead2.googlesyndication.com\/pagead\/js\/adsbygoogle.js\"><\/script><br \/>\n<!-- MRR - pub dans les posts sur le blogue --><br \/>\n<ins class=\"adsbygoogle\" style=\"display: block;\" data-ad-client=\"ca-pub-3346598485307293\" data-ad-slot=\"8935186562\" data-ad-format=\"auto\"><\/ins><br \/>\n<script>\n(adsbygoogle = window.adsbygoogle || []).push({});\n<\/script><\/p>\n<h3>L&rsquo;impression d&rsquo;\u00eatre dans une r\u00e9sidence?<\/h3>\n<p>Premier arr\u00eat\u00a0: Un appartement au quatri\u00e8me \u00e9tage. Dans l\u2019unit\u00e9, beaucoup de clart\u00e9 et des espaces bien pens\u00e9s. Des finis styl\u00e9s au design simple. Si ce n\u2019est du \u00ab\u00a0bouton panique\u00a0\u00bb et de la barre d\u2019appui fix\u00e9e dans la superbe douche en verre, rien ne donne l\u2019impression d\u2019\u00eatre dans une r\u00e9sidence.<\/p>\n<p>Nos guides nous ont ensuite dirig\u00e9 vers l\u2019unit\u00e9 de soins.\u00a0Cette partie de la r\u00e9sidence accueille les personnes semi-autonomes ou en perte d\u2019autonomie. Plus pr\u00e9cis\u00e9ment, des gens qui ont besoin de soins d\u2019assistance au quotidien. Cela peut aller jusqu\u2019\u00e0 un maximum de 3 heures par jour. Dans cette unit\u00e9, du personnel qualifi\u00e9 est bien entendu pr\u00e9sent 24 heures sur 24.<\/p>\n<p>Les diff\u00e9rentes aires communes\u00a0ont occup\u00e9\u00a0le reste de la visite. Je\u00a0confesse une de mes id\u00e9es pr\u00e9con\u00e7ues sur la vie en r\u00e9sidence\u00a0: j\u2019imaginais les gens oblig\u00e9s \u00e0 une certaine promiscuit\u00e9 sociale une fois pass\u00e9 le pas de leur appartement. J\u2019\u00e9tais dans l\u2019erreur!<\/p>\n<p>L\u2019invitante salle \u00e0 manger n\u2019a rien \u00e0 envier \u00e0 bien des restaurants. Lumineuse et d\u00e9cor\u00e9e avec style, le service y est assur\u00e9 par du personnel qualifi\u00e9 en restauration. Pour ce qui est du menu, rien \u00e0 voir avec tout ce qu\u2019on entend sur la nourriture servie en \u00e9tablissements publics. Un chef dot\u00e9 d\u2019une solide exp\u00e9rience en gastronomie et sa brigade s\u2019activent en cuisine.\u00a0Il \u00e9tait d\u2019ailleurs de la partie en cette journ\u00e9e portes-ouvertes et une table garnie de savoureuses bouch\u00e9es terminait le parcours. \u00c0 voir la passion avec laquelle il r\u00e9pondait aux questions, nul doute que manger au V\u00db\u00a0est toute une exp\u00e9rience.<\/p>\n<p><img loading=\"lazy\" decoding=\"async\" class=\"alignnone size-full wp-image-562\" src=\"https:\/\/www.maresidenceretraite.ca\/blogue\/wp-content\/uploads\/2018\/05\/le_vu_salon.jpg\" alt=\"residence le VU\" width=\"810\" height=\"450\" srcset=\"https:\/\/www.maresidenceretraite.ca\/blogue\/wp-content\/uploads\/2018\/05\/le_vu_salon.jpg 810w, https:\/\/www.maresidenceretraite.ca\/blogue\/wp-content\/uploads\/2018\/05\/le_vu_salon-300x167.jpg 300w, https:\/\/www.maresidenceretraite.ca\/blogue\/wp-content\/uploads\/2018\/05\/le_vu_salon-768x427.jpg 768w\" sizes=\"auto, (max-width: 810px) 100vw, 810px\" \/><\/p>\n<p><script async src=\"\/\/pagead2.googlesyndication.com\/pagead\/js\/adsbygoogle.js\"><\/script><br \/>\n<!-- MRR - pub dans les posts sur le blogue --><br \/>\n<ins class=\"adsbygoogle\" style=\"display: block;\" data-ad-client=\"ca-pub-3346598485307293\" data-ad-slot=\"8935186562\" data-ad-format=\"auto\"><\/ins><br \/>\n<script>\n(adsbygoogle = window.adsbygoogle || []).push({});\n<\/script><\/p>\n<h3>Une visite qui brise les mythes<\/h3>\n<p>Dans un des salons garni de fauteuil confortables et d&rsquo;un foyer, se d\u00e9roulait une partie de billard anim\u00e9e. \u00c0 deux pas, l&rsquo;espace bistro et une section d\u2019ordinateurs partag\u00e9s.\u00a0Deux dames y \u00e9taient install\u00e9es et leur conversation allait bon train, tandis qu&rsquo;une autre travaillait sur une des ordinateurs.\u00a0Derri\u00e8re d&rsquo;impressionnantes fen\u00eatres s&rsquo;\u00e9tire une immense terrasse am\u00e9nag\u00e9e qui offre une vue agr\u00e9able. On m&rsquo;a souffl\u00e9 \u00e0 l&rsquo;oreille qu&rsquo;elle se transforme en loge de choix lors\u00a0des feux d&rsquo;artifices de la f\u00eate du lac des nations chaque \u00e9t\u00e9!<\/p>\n<p>Les rayons de la chaleureuse biblioth\u00e8que sont bien garnis,\u00a0 le foyer et\u00a0les fauteuils invitants donne envie de s&rsquo;y attarder. La\u00a0salle de cin\u00e9ma avec\u00a0ses\u00a0si\u00e8ges strapontins, et sa machine \u00e0 pop-corn r\u00e9tro\u00a0compl\u00e8te bien l&rsquo;offre de divertissement. Avec la\u00a0piscine int\u00e9rieure avec spa et sauna,\u00a0et un gym \u00e9quip\u00e9 d\u2019appareils haut de gamme les amateurs d\u2019activit\u00e9 physique n\u2019ont pas \u00e9t\u00e9 oubli\u00e9s.\u00a0Le parc Jacques-Cartier \u00e0 deux pas doit aussi combler les marcheurs.<\/p>\n<p>J\u2019ai oubli\u00e9 la grisaille de ce dimanche pluvieux d\u00e8s que j\u2019ai pass\u00e9 la porte du V\u00dc pour les portes-ouvertes. Outre le caract\u00e8re agr\u00e9able des lieux, les r\u00e9sidents crois\u00e9s lors de la visite affichaient une joie de vivre et une vitalit\u00e9 belles \u00e0 voir. Dans leurs \u00e9changes avec le personnel on sentait une belle complicit\u00e9. Un des objectifs de cet \u00e9v\u00e9nement provincial \u00e9tait de briser certains mythes n\u00e9gatifs entourant la vie en r\u00e9sidence. Pour ma part c\u2019est r\u00e9ussi et je ne suis certainement pas la seule !<\/p>\n<p>D\u00e9couvrez ici la <a href=\"https:\/\/www.maresidenceretraite.ca\/repertoire-des-gestionnaires-residences-retraite\/le-groupe-maurice\/166\/\" target=\"_blank\" rel=\"noopener noreferrer\"><strong>liste des r\u00e9sidences du Groupe Maurice<\/strong><\/a>, propri\u00e9taire entres autres du V\u00dc, la r\u00e9sidence que je viens de visiter.<\/p>\n","protected":false},"excerpt":{"rendered":"<p>C\u2019\u00e9tait jour de f\u00eate le 29 avril chez environ 400 membres du RQRA (Regroupement Qu\u00e9b\u00e9cois des R\u00e9sidences pour A\u00een\u00e9s). Le public \u00e9tait\u00a0convi\u00e9 \u00e0 une septi\u00e8me \u00e9dition de portes-ouvertes. Une invitation \u00e0 venir constater qu\u2019au-del\u00e0 des mythes, la vie en r\u00e9sidence est \u00e0 mille lieues\u00a0d\u2019\u00eatre morne! J&rsquo;ai profit\u00e9 de l\u2019\u00e9v\u00e9nement pour aller me plonger dans cet [&hellip;]<\/p>\n","protected":false},"author":6,"featured_media":561,"comment_status":"closed","ping_status":"closed","sticky":false,"template":"","format":"standard","meta":{"footnotes":""},"categories":[16],"tags":[],"class_list":["post-556","post","type-post","status-publish","format-standard","has-post-thumbnail","hentry","category-visites-de-residence"],"yoast_head":"<!-- This site is optimized with the Yoast SEO plugin v27.4 - https:\/\/yoast.com\/product\/yoast-seo-wordpress\/ -->\n<title>Portes-ouvertes de r\u00e9sidences du RQRA<\/title>\n<meta name=\"description\" content=\"C\u2019\u00e9tait jour de f\u00eate le 29 avril chez environ 400 membres du RQRA . Le public \u00e9tait convi\u00e9 \u00e0 une septi\u00e8me \u00e9dition de portes-ouvertes de r\u00e9sidences du RQRA.\" \/>\n<meta name=\"robots\" content=\"index, follow, max-snippet:-1, max-image-preview:large, max-video-preview:-1\" \/>\n<link rel=\"canonical\" href=\"https:\/\/www.maresidenceretraite.ca\/blogue\/portes-ouvertes-de-residences-du-rqap\/\" \/>\n<meta property=\"og:locale\" content=\"fr_FR\" \/>\n<meta property=\"og:type\" content=\"article\" \/>\n<meta property=\"og:title\" content=\"Portes-ouvertes de r\u00e9sidences du RQRA\" \/>\n<meta property=\"og:description\" content=\"C\u2019\u00e9tait jour de f\u00eate le 29 avril chez environ 400 membres du RQRA . Le public \u00e9tait convi\u00e9 \u00e0 une septi\u00e8me \u00e9dition de portes-ouvertes de r\u00e9sidences du RQRA.\" \/>\n<meta property=\"og:url\" content=\"https:\/\/www.maresidenceretraite.ca\/blogue\/portes-ouvertes-de-residences-du-rqap\/\" \/>\n<meta property=\"article:published_time\" content=\"2018-05-15T14:31:02+00:00\" \/>\n<meta property=\"og:image\" content=\"https:\/\/www.maresidenceretraite.ca\/blogue\/wp-content\/uploads\/2018\/05\/le_vu.jpg\" \/>\n\t<meta property=\"og:image:width\" content=\"810\" \/>\n\t<meta property=\"og:image:height\" content=\"450\" \/>\n\t<meta property=\"og:image:type\" content=\"image\/jpeg\" \/>\n<meta name=\"author\" content=\"Chrystelle Pasquet\" \/>\n<meta name=\"twitter:card\" content=\"summary_large_image\" \/>\n<meta name=\"twitter:label1\" content=\"Written by\" \/>\n\t<meta name=\"twitter:data1\" content=\"Chrystelle Pasquet\" \/>\n\t<meta name=\"twitter:label2\" content=\"Est. reading time\" \/>\n\t<meta name=\"twitter:data2\" content=\"4 minutes\" \/>\n<script type=\"application\/ld+json\" class=\"yoast-schema-graph\">{\"@context\":\"https:\\\/\\\/schema.org\",\"@graph\":[{\"@type\":\"Article\",\"@id\":\"https:\\\/\\\/www.maresidenceretraite.ca\\\/blogue\\\/portes-ouvertes-de-residences-du-rqap\\\/#article\",\"isPartOf\":{\"@id\":\"https:\\\/\\\/www.maresidenceretraite.ca\\\/blogue\\\/portes-ouvertes-de-residences-du-rqap\\\/\"},\"author\":{\"name\":\"Chrystelle Pasquet\",\"@id\":\"https:\\\/\\\/www.maresidenceretraite.ca\\\/blogue\\\/#\\\/schema\\\/person\\\/990165780b3a4a42e0f447a3785e7bef\"},\"headline\":\"Portes-ouvertes de r\u00e9sidences du RQRA\",\"datePublished\":\"2018-05-15T14:31:02+00:00\",\"mainEntityOfPage\":{\"@id\":\"https:\\\/\\\/www.maresidenceretraite.ca\\\/blogue\\\/portes-ouvertes-de-residences-du-rqap\\\/\"},\"wordCount\":889,\"publisher\":{\"@id\":\"https:\\\/\\\/www.maresidenceretraite.ca\\\/blogue\\\/#organization\"},\"image\":{\"@id\":\"https:\\\/\\\/www.maresidenceretraite.ca\\\/blogue\\\/portes-ouvertes-de-residences-du-rqap\\\/#primaryimage\"},\"thumbnailUrl\":\"https:\\\/\\\/www.maresidenceretraite.ca\\\/blogue\\\/wp-content\\\/uploads\\\/2018\\\/05\\\/le_vu.jpg\",\"articleSection\":[\"VISITES DE R\u00c9SIDENCE\"],\"inLanguage\":\"fr-FR\"},{\"@type\":\"WebPage\",\"@id\":\"https:\\\/\\\/www.maresidenceretraite.ca\\\/blogue\\\/portes-ouvertes-de-residences-du-rqap\\\/\",\"url\":\"https:\\\/\\\/www.maresidenceretraite.ca\\\/blogue\\\/portes-ouvertes-de-residences-du-rqap\\\/\",\"name\":\"Portes-ouvertes de r\u00e9sidences du RQRA\",\"isPartOf\":{\"@id\":\"https:\\\/\\\/www.maresidenceretraite.ca\\\/blogue\\\/#website\"},\"primaryImageOfPage\":{\"@id\":\"https:\\\/\\\/www.maresidenceretraite.ca\\\/blogue\\\/portes-ouvertes-de-residences-du-rqap\\\/#primaryimage\"},\"image\":{\"@id\":\"https:\\\/\\\/www.maresidenceretraite.ca\\\/blogue\\\/portes-ouvertes-de-residences-du-rqap\\\/#primaryimage\"},\"thumbnailUrl\":\"https:\\\/\\\/www.maresidenceretraite.ca\\\/blogue\\\/wp-content\\\/uploads\\\/2018\\\/05\\\/le_vu.jpg\",\"datePublished\":\"2018-05-15T14:31:02+00:00\",\"description\":\"C\u2019\u00e9tait jour de f\u00eate le 29 avril chez environ 400 membres du RQRA . Le public \u00e9tait convi\u00e9 \u00e0 une septi\u00e8me \u00e9dition de portes-ouvertes de r\u00e9sidences du RQRA.\",\"breadcrumb\":{\"@id\":\"https:\\\/\\\/www.maresidenceretraite.ca\\\/blogue\\\/portes-ouvertes-de-residences-du-rqap\\\/#breadcrumb\"},\"inLanguage\":\"fr-FR\",\"potentialAction\":[{\"@type\":\"ReadAction\",\"target\":[\"https:\\\/\\\/www.maresidenceretraite.ca\\\/blogue\\\/portes-ouvertes-de-residences-du-rqap\\\/\"]}]},{\"@type\":\"ImageObject\",\"inLanguage\":\"fr-FR\",\"@id\":\"https:\\\/\\\/www.maresidenceretraite.ca\\\/blogue\\\/portes-ouvertes-de-residences-du-rqap\\\/#primaryimage\",\"url\":\"https:\\\/\\\/www.maresidenceretraite.ca\\\/blogue\\\/wp-content\\\/uploads\\\/2018\\\/05\\\/le_vu.jpg\",\"contentUrl\":\"https:\\\/\\\/www.maresidenceretraite.ca\\\/blogue\\\/wp-content\\\/uploads\\\/2018\\\/05\\\/le_vu.jpg\",\"width\":810,\"height\":450,\"caption\":\"le VU salon\"},{\"@type\":\"BreadcrumbList\",\"@id\":\"https:\\\/\\\/www.maresidenceretraite.ca\\\/blogue\\\/portes-ouvertes-de-residences-du-rqap\\\/#breadcrumb\",\"itemListElement\":[{\"@type\":\"ListItem\",\"position\":1,\"name\":\"Accueil\",\"item\":\"https:\\\/\\\/www.maresidenceretraite.ca\\\/blogue\\\/\"},{\"@type\":\"ListItem\",\"position\":2,\"name\":\"Portes-ouvertes de r\u00e9sidences du RQRA\"}]},{\"@type\":\"WebSite\",\"@id\":\"https:\\\/\\\/www.maresidenceretraite.ca\\\/blogue\\\/#website\",\"url\":\"https:\\\/\\\/www.maresidenceretraite.ca\\\/blogue\\\/\",\"name\":\"\",\"description\":\"Articles traitant de la retraite et des a\u00een\u00e9s.\",\"publisher\":{\"@id\":\"https:\\\/\\\/www.maresidenceretraite.ca\\\/blogue\\\/#organization\"},\"potentialAction\":[{\"@type\":\"SearchAction\",\"target\":{\"@type\":\"EntryPoint\",\"urlTemplate\":\"https:\\\/\\\/www.maresidenceretraite.ca\\\/blogue\\\/?s={search_term_string}\"},\"query-input\":{\"@type\":\"PropertyValueSpecification\",\"valueRequired\":true,\"valueName\":\"search_term_string\"}}],\"inLanguage\":\"fr-FR\"},{\"@type\":\"Organization\",\"@id\":\"https:\\\/\\\/www.maresidenceretraite.ca\\\/blogue\\\/#organization\",\"name\":\"SiLO Communication\",\"url\":\"https:\\\/\\\/www.maresidenceretraite.ca\\\/blogue\\\/\",\"logo\":{\"@type\":\"ImageObject\",\"inLanguage\":\"fr-FR\",\"@id\":\"https:\\\/\\\/www.maresidenceretraite.ca\\\/blogue\\\/#\\\/schema\\\/logo\\\/image\\\/\",\"url\":\"https:\\\/\\\/www.maresidenceretraite.ca\\\/blogue\\\/wp-content\\\/uploads\\\/2017\\\/07\\\/silo-logo-css.jpg\",\"contentUrl\":\"https:\\\/\\\/www.maresidenceretraite.ca\\\/blogue\\\/wp-content\\\/uploads\\\/2017\\\/07\\\/silo-logo-css.jpg\",\"width\":600,\"height\":400,\"caption\":\"SiLO Communication\"},\"image\":{\"@id\":\"https:\\\/\\\/www.maresidenceretraite.ca\\\/blogue\\\/#\\\/schema\\\/logo\\\/image\\\/\"}},{\"@type\":\"Person\",\"@id\":\"https:\\\/\\\/www.maresidenceretraite.ca\\\/blogue\\\/#\\\/schema\\\/person\\\/990165780b3a4a42e0f447a3785e7bef\",\"name\":\"Chrystelle Pasquet\",\"image\":{\"@type\":\"ImageObject\",\"inLanguage\":\"fr-FR\",\"@id\":\"https:\\\/\\\/secure.gravatar.com\\\/avatar\\\/caa48b3de801cf17f85f26bb7429027ec67aaa3f6859cfa8ceaef2202243eb89?s=96&d=mm&r=g\",\"url\":\"https:\\\/\\\/secure.gravatar.com\\\/avatar\\\/caa48b3de801cf17f85f26bb7429027ec67aaa3f6859cfa8ceaef2202243eb89?s=96&d=mm&r=g\",\"contentUrl\":\"https:\\\/\\\/secure.gravatar.com\\\/avatar\\\/caa48b3de801cf17f85f26bb7429027ec67aaa3f6859cfa8ceaef2202243eb89?s=96&d=mm&r=g\",\"caption\":\"Chrystelle Pasquet\"},\"url\":\"https:\\\/\\\/www.maresidenceretraite.ca\\\/blogue\\\/author\\\/chrystelle\\\/\"}]}<\/script>\n<!-- \/ Yoast SEO plugin. -->","yoast_head_json":{"title":"Portes-ouvertes de r\u00e9sidences du RQRA","description":"C\u2019\u00e9tait jour de f\u00eate le 29 avril chez environ 400 membres du RQRA . Le public \u00e9tait convi\u00e9 \u00e0 une septi\u00e8me \u00e9dition de portes-ouvertes de r\u00e9sidences du RQRA.","robots":{"index":"index","follow":"follow","max-snippet":"max-snippet:-1","max-image-preview":"max-image-preview:large","max-video-preview":"max-video-preview:-1"},"canonical":"https:\/\/www.maresidenceretraite.ca\/blogue\/portes-ouvertes-de-residences-du-rqap\/","og_locale":"fr_FR","og_type":"article","og_title":"Portes-ouvertes de r\u00e9sidences du RQRA","og_description":"C\u2019\u00e9tait jour de f\u00eate le 29 avril chez environ 400 membres du RQRA . Le public \u00e9tait convi\u00e9 \u00e0 une septi\u00e8me \u00e9dition de portes-ouvertes de r\u00e9sidences du RQRA.","og_url":"https:\/\/www.maresidenceretraite.ca\/blogue\/portes-ouvertes-de-residences-du-rqap\/","article_published_time":"2018-05-15T14:31:02+00:00","og_image":[{"width":810,"height":450,"url":"https:\/\/www.maresidenceretraite.ca\/blogue\/wp-content\/uploads\/2018\/05\/le_vu.jpg","type":"image\/jpeg"}],"author":"Chrystelle Pasquet","twitter_card":"summary_large_image","twitter_misc":{"Written by":"Chrystelle Pasquet","Est. reading time":"4 minutes"},"schema":{"@context":"https:\/\/schema.org","@graph":[{"@type":"Article","@id":"https:\/\/www.maresidenceretraite.ca\/blogue\/portes-ouvertes-de-residences-du-rqap\/#article","isPartOf":{"@id":"https:\/\/www.maresidenceretraite.ca\/blogue\/portes-ouvertes-de-residences-du-rqap\/"},"author":{"name":"Chrystelle Pasquet","@id":"https:\/\/www.maresidenceretraite.ca\/blogue\/#\/schema\/person\/990165780b3a4a42e0f447a3785e7bef"},"headline":"Portes-ouvertes de r\u00e9sidences du RQRA","datePublished":"2018-05-15T14:31:02+00:00","mainEntityOfPage":{"@id":"https:\/\/www.maresidenceretraite.ca\/blogue\/portes-ouvertes-de-residences-du-rqap\/"},"wordCount":889,"publisher":{"@id":"https:\/\/www.maresidenceretraite.ca\/blogue\/#organization"},"image":{"@id":"https:\/\/www.maresidenceretraite.ca\/blogue\/portes-ouvertes-de-residences-du-rqap\/#primaryimage"},"thumbnailUrl":"https:\/\/www.maresidenceretraite.ca\/blogue\/wp-content\/uploads\/2018\/05\/le_vu.jpg","articleSection":["VISITES DE R\u00c9SIDENCE"],"inLanguage":"fr-FR"},{"@type":"WebPage","@id":"https:\/\/www.maresidenceretraite.ca\/blogue\/portes-ouvertes-de-residences-du-rqap\/","url":"https:\/\/www.maresidenceretraite.ca\/blogue\/portes-ouvertes-de-residences-du-rqap\/","name":"Portes-ouvertes de r\u00e9sidences du RQRA","isPartOf":{"@id":"https:\/\/www.maresidenceretraite.ca\/blogue\/#website"},"primaryImageOfPage":{"@id":"https:\/\/www.maresidenceretraite.ca\/blogue\/portes-ouvertes-de-residences-du-rqap\/#primaryimage"},"image":{"@id":"https:\/\/www.maresidenceretraite.ca\/blogue\/portes-ouvertes-de-residences-du-rqap\/#primaryimage"},"thumbnailUrl":"https:\/\/www.maresidenceretraite.ca\/blogue\/wp-content\/uploads\/2018\/05\/le_vu.jpg","datePublished":"2018-05-15T14:31:02+00:00","description":"C\u2019\u00e9tait jour de f\u00eate le 29 avril chez environ 400 membres du RQRA . Le public \u00e9tait convi\u00e9 \u00e0 une septi\u00e8me \u00e9dition de portes-ouvertes de r\u00e9sidences du RQRA.","breadcrumb":{"@id":"https:\/\/www.maresidenceretraite.ca\/blogue\/portes-ouvertes-de-residences-du-rqap\/#breadcrumb"},"inLanguage":"fr-FR","potentialAction":[{"@type":"ReadAction","target":["https:\/\/www.maresidenceretraite.ca\/blogue\/portes-ouvertes-de-residences-du-rqap\/"]}]},{"@type":"ImageObject","inLanguage":"fr-FR","@id":"https:\/\/www.maresidenceretraite.ca\/blogue\/portes-ouvertes-de-residences-du-rqap\/#primaryimage","url":"https:\/\/www.maresidenceretraite.ca\/blogue\/wp-content\/uploads\/2018\/05\/le_vu.jpg","contentUrl":"https:\/\/www.maresidenceretraite.ca\/blogue\/wp-content\/uploads\/2018\/05\/le_vu.jpg","width":810,"height":450,"caption":"le VU salon"},{"@type":"BreadcrumbList","@id":"https:\/\/www.maresidenceretraite.ca\/blogue\/portes-ouvertes-de-residences-du-rqap\/#breadcrumb","itemListElement":[{"@type":"ListItem","position":1,"name":"Accueil","item":"https:\/\/www.maresidenceretraite.ca\/blogue\/"},{"@type":"ListItem","position":2,"name":"Portes-ouvertes de r\u00e9sidences du RQRA"}]},{"@type":"WebSite","@id":"https:\/\/www.maresidenceretraite.ca\/blogue\/#website","url":"https:\/\/www.maresidenceretraite.ca\/blogue\/","name":"","description":"Articles traitant de la retraite et des a\u00een\u00e9s.","publisher":{"@id":"https:\/\/www.maresidenceretraite.ca\/blogue\/#organization"},"potentialAction":[{"@type":"SearchAction","target":{"@type":"EntryPoint","urlTemplate":"https:\/\/www.maresidenceretraite.ca\/blogue\/?s={search_term_string}"},"query-input":{"@type":"PropertyValueSpecification","valueRequired":true,"valueName":"search_term_string"}}],"inLanguage":"fr-FR"},{"@type":"Organization","@id":"https:\/\/www.maresidenceretraite.ca\/blogue\/#organization","name":"SiLO Communication","url":"https:\/\/www.maresidenceretraite.ca\/blogue\/","logo":{"@type":"ImageObject","inLanguage":"fr-FR","@id":"https:\/\/www.maresidenceretraite.ca\/blogue\/#\/schema\/logo\/image\/","url":"https:\/\/www.maresidenceretraite.ca\/blogue\/wp-content\/uploads\/2017\/07\/silo-logo-css.jpg","contentUrl":"https:\/\/www.maresidenceretraite.ca\/blogue\/wp-content\/uploads\/2017\/07\/silo-logo-css.jpg","width":600,"height":400,"caption":"SiLO Communication"},"image":{"@id":"https:\/\/www.maresidenceretraite.ca\/blogue\/#\/schema\/logo\/image\/"}},{"@type":"Person","@id":"https:\/\/www.maresidenceretraite.ca\/blogue\/#\/schema\/person\/990165780b3a4a42e0f447a3785e7bef","name":"Chrystelle Pasquet","image":{"@type":"ImageObject","inLanguage":"fr-FR","@id":"https:\/\/secure.gravatar.com\/avatar\/caa48b3de801cf17f85f26bb7429027ec67aaa3f6859cfa8ceaef2202243eb89?s=96&d=mm&r=g","url":"https:\/\/secure.gravatar.com\/avatar\/caa48b3de801cf17f85f26bb7429027ec67aaa3f6859cfa8ceaef2202243eb89?s=96&d=mm&r=g","contentUrl":"https:\/\/secure.gravatar.com\/avatar\/caa48b3de801cf17f85f26bb7429027ec67aaa3f6859cfa8ceaef2202243eb89?s=96&d=mm&r=g","caption":"Chrystelle Pasquet"},"url":"https:\/\/www.maresidenceretraite.ca\/blogue\/author\/chrystelle\/"}]}},"_links":{"self":[{"href":"https:\/\/www.maresidenceretraite.ca\/blogue\/wp-json\/wp\/v2\/posts\/556","targetHints":{"allow":["GET"]}}],"collection":[{"href":"https:\/\/www.maresidenceretraite.ca\/blogue\/wp-json\/wp\/v2\/posts"}],"about":[{"href":"https:\/\/www.maresidenceretraite.ca\/blogue\/wp-json\/wp\/v2\/types\/post"}],"author":[{"embeddable":true,"href":"https:\/\/www.maresidenceretraite.ca\/blogue\/wp-json\/wp\/v2\/users\/6"}],"replies":[{"embeddable":true,"href":"https:\/\/www.maresidenceretraite.ca\/blogue\/wp-json\/wp\/v2\/comments?post=556"}],"version-history":[{"count":0,"href":"https:\/\/www.maresidenceretraite.ca\/blogue\/wp-json\/wp\/v2\/posts\/556\/revisions"}],"wp:featuredmedia":[{"embeddable":true,"href":"https:\/\/www.maresidenceretraite.ca\/blogue\/wp-json\/wp\/v2\/media\/561"}],"wp:attachment":[{"href":"https:\/\/www.maresidenceretraite.ca\/blogue\/wp-json\/wp\/v2\/media?parent=556"}],"wp:term":[{"taxonomy":"category","embeddable":true,"href":"https:\/\/www.maresidenceretraite.ca\/blogue\/wp-json\/wp\/v2\/categories?post=556"},{"taxonomy":"post_tag","embeddable":true,"href":"https:\/\/www.maresidenceretraite.ca\/blogue\/wp-json\/wp\/v2\/tags?post=556"}],"curies":[{"name":"wp","href":"https:\/\/api.w.org\/{rel}","templated":true}]}}