{"id":718,"date":"2018-11-05T16:37:27","date_gmt":"2018-11-05T21:37:27","guid":{"rendered":"https:\/\/www.maresidenceretraite.ca\/blogue\/?p=718"},"modified":"2018-11-05T16:38:47","modified_gmt":"2018-11-05T21:38:47","slug":"lecon-de-vie-par-3-centenaires-inspirants","status":"publish","type":"post","link":"https:\/\/www.maresidenceretraite.ca\/blogue\/lecon-de-vie-par-3-centenaires-inspirants\/","title":{"rendered":"3 centenaires inspirants &#8211; Une le\u00e7on de vie"},"content":{"rendered":"<p><strong>Tout le monde sait bien que garder la forme est important, surtout en vieillissant. Si vous\u00a0manquez de motivation, voici trois centenaires inspirants qui ont de l&rsquo;\u00e9nergie\u00a0\u00e0 revendre. Leur mode de vie est \u00e9tonnant!<\/strong><\/p>\n<h2><strong>Orville Rogers &#8211; Coureur d\u2019\u00e9lite centenaire<\/strong><\/h2>\n<p><strong>Orville Rogers est n\u00e9 le 28 novembre 1917 \u00e0 Hubbard (Texas)<\/strong><br \/>\nPendant la Seconde Guerre mondiale, il a servi son pays dans l&rsquo;arm\u00e9e de l&rsquo;air. Ensuite, il est devenu pilote commercial. Retrait\u00e9 depuis 40 ans, Orville a tout le temps pour sa passion : la course \u00e0 pied. Il a d\u00e9couvert ce sport \u00e0 l&rsquo;\u00e2ge de 51 ans. Six ans plus tard il compl\u00e9tait son premier marathon. Monsieur Rogers\u00a0a \u00e0 son actif pas moins de 15 records du monde en course \u00e0 pied et croyez-le ou non, il court toujours!<\/p>\n<p><img loading=\"lazy\" decoding=\"async\" class=\"alignnone size-full wp-image-719\" src=\"https:\/\/www.maresidenceretraite.ca\/blogue\/wp-content\/uploads\/2018\/10\/orville-rogers-coureur-centenaire.jpg\" alt=\"Orville Rogers coureur centenaire\" width=\"810\" height=\"450\" srcset=\"https:\/\/www.maresidenceretraite.ca\/blogue\/wp-content\/uploads\/2018\/10\/orville-rogers-coureur-centenaire.jpg 810w, https:\/\/www.maresidenceretraite.ca\/blogue\/wp-content\/uploads\/2018\/10\/orville-rogers-coureur-centenaire-300x167.jpg 300w, https:\/\/www.maresidenceretraite.ca\/blogue\/wp-content\/uploads\/2018\/10\/orville-rogers-coureur-centenaire-768x427.jpg 768w\" sizes=\"auto, (max-width: 810px) 100vw, 810px\" \/><br \/>\n<strong>\u201cLes gens pensent que je cours parce que je suis capable de le faire. C\u2019est plut\u00f4t l\u2019inverse: j\u2019en suis capable c\u2019est pr\u00e9cis\u00e9ment parce que je le fais.\u201d<\/strong><\/p>\n<p><script async src=\"\/\/pagead2.googlesyndication.com\/pagead\/js\/adsbygoogle.js\"><\/script><br \/>\n<!-- MRR - pub dans les posts sur le blogue --><br \/>\n<ins class=\"adsbygoogle\" style=\"display: block;\" data-ad-client=\"ca-pub-3346598485307293\" data-ad-slot=\"8935186562\" data-ad-format=\"auto\"><\/ins><br \/>\n<script>\n(adsbygoogle = window.adsbygoogle || []).push({});\n<\/script><\/p>\n<p><strong><br \/>\n<\/strong><img loading=\"lazy\" decoding=\"async\" class=\"alignnone wp-image-723 size-full\" src=\"https:\/\/www.maresidenceretraite.ca\/blogue\/wp-content\/uploads\/2018\/10\/orville-rogers-dans-sa-camaro.jpg\" alt=\"Orville Rogers un centenaire en camaro\" width=\"810\" height=\"450\" srcset=\"https:\/\/www.maresidenceretraite.ca\/blogue\/wp-content\/uploads\/2018\/10\/orville-rogers-dans-sa-camaro.jpg 810w, https:\/\/www.maresidenceretraite.ca\/blogue\/wp-content\/uploads\/2018\/10\/orville-rogers-dans-sa-camaro-300x167.jpg 300w, https:\/\/www.maresidenceretraite.ca\/blogue\/wp-content\/uploads\/2018\/10\/orville-rogers-dans-sa-camaro-768x427.jpg 768w\" sizes=\"auto, (max-width: 810px) 100vw, 810px\" \/><\/p>\n<p><iframe loading=\"lazy\" src=\"https:\/\/www.youtube.com\/embed\/JUW3LwePsUA\" width=\"810\" height=\"450\" frameborder=\"0\" allowfullscreen=\"allowfullscreen\"><\/iframe><br \/>\nQuand il ne court pas, Orville profite de la vie avec sa famille ou en se baladant au volant de sa superbe Camaro rouge. Visitez\u00a0son site <b><a href=\"http:\/\/www.orvillerogers.com\/\">Orville Rogers &#8211; The running man<\/a>.<\/b><\/p>\n<h2><strong>Tao Porchon-Lynch &#8211; Yogi centenaire<\/strong><\/h2>\n<p><strong>Tao Porchon-Lynch est n\u00e9e le 13 ao\u00fbt 1918.<\/strong><br \/>\nDe p\u00e8re fran\u00e7ais et m\u00e8re hindoue, elle grandit en Inde o\u00f9 elle d\u00e9couvre le yoga \u00e0 l&rsquo;\u00e2ge de 8 ans.\u00a0Apr\u00e8s quelques ann\u00e9es comme mannequin, elle sera danseuse de cabaret \u00e0 Londres. \u00c0 la fin de la Seconde Guerre mondiale, Tao part vivre aux \u00c9tats-Unis et devient actrice. Elle commence \u00e0 donner des cours de yoga \u00e0 des actrices de son entourage \u00e0 Hollywood avant d&rsquo;en faire son m\u00e9tier \u00e0 la fin des ann\u00e9es &rsquo;70. En 1982 elle ouvre le Westchester Institut of Yoga \u00e0 New York. Tao est une yogi respect\u00e9e, elle a suivi les enseignements des plus grands ma\u00eetres \u00e0\u00a0travers le monde.<\/p>\n<p><script async src=\"\/\/pagead2.googlesyndication.com\/pagead\/js\/adsbygoogle.js\"><\/script><br \/>\n<!-- MRR - pub dans les posts sur le blogue --><br \/>\n<ins class=\"adsbygoogle\" style=\"display: block;\" data-ad-client=\"ca-pub-3346598485307293\" data-ad-slot=\"8935186562\" data-ad-format=\"auto\"><\/ins><br \/>\n<script>\n(adsbygoogle = window.adsbygoogle || []).push({});\n<\/script><\/p>\n<p><img loading=\"lazy\" decoding=\"async\" class=\"alignnone size-full wp-image-728\" src=\"https:\/\/www.maresidenceretraite.ca\/blogue\/wp-content\/uploads\/2018\/10\/tao-porch-lynch-centenaire.jpg\" alt=\"tao porchon lynch yogi centenaire\" width=\"810\" height=\"450\" srcset=\"https:\/\/www.maresidenceretraite.ca\/blogue\/wp-content\/uploads\/2018\/10\/tao-porch-lynch-centenaire.jpg 810w, https:\/\/www.maresidenceretraite.ca\/blogue\/wp-content\/uploads\/2018\/10\/tao-porch-lynch-centenaire-300x167.jpg 300w, https:\/\/www.maresidenceretraite.ca\/blogue\/wp-content\/uploads\/2018\/10\/tao-porch-lynch-centenaire-768x427.jpg 768w\" sizes=\"auto, (max-width: 810px) 100vw, 810px\" \/><\/p>\n<p><strong>Voici quatre conseils que Madame Porchon-Lynch pr\u00e9conise : \u00ab\u00a0Se lever avant le soleil, pratiquer la gratitude et l&rsquo;optimisme, faire ce que l&rsquo;on aime, ne pas avoir peur de vieillir&#8230;<\/strong> <img loading=\"lazy\" decoding=\"async\" class=\"alignnone size-full wp-image-729\" src=\"https:\/\/www.maresidenceretraite.ca\/blogue\/wp-content\/uploads\/2018\/10\/tao-porch-lynch-yoga.jpg\" alt=\"Tao Porchon Lynch professeur de yoga centenaire\" width=\"810\" height=\"450\" srcset=\"https:\/\/www.maresidenceretraite.ca\/blogue\/wp-content\/uploads\/2018\/10\/tao-porch-lynch-yoga.jpg 810w, https:\/\/www.maresidenceretraite.ca\/blogue\/wp-content\/uploads\/2018\/10\/tao-porch-lynch-yoga-300x167.jpg 300w, https:\/\/www.maresidenceretraite.ca\/blogue\/wp-content\/uploads\/2018\/10\/tao-porch-lynch-yoga-768x427.jpg 768w\" sizes=\"auto, (max-width: 810px) 100vw, 810px\" \/><\/p>\n<p><iframe loading=\"lazy\" src=\"https:\/\/www.youtube.com\/embed\/oTmaTD5H0iM\" width=\"810\" height=\"450\" frameborder=\"0\" allowfullscreen=\"allowfullscreen\"><\/iframe><\/p>\n<p>\u00c0 100 ans, Tao Porchon-Lynch donne entre 6 et 8 cours de yoga par semaine et voyage encore de par le monde pour donner des ateliers.<\/p>\n<p><script async src=\"\/\/pagead2.googlesyndication.com\/pagead\/js\/adsbygoogle.js\"><\/script><br \/>\n<!-- MRR - pub dans les posts sur le blogue --><br \/>\n<ins class=\"adsbygoogle\" style=\"display: block;\" data-ad-client=\"ca-pub-3346598485307293\" data-ad-slot=\"8935186562\" data-ad-format=\"auto\"><\/ins><br \/>\n<script>\n(adsbygoogle = window.adsbygoogle || []).push({});\n<\/script><\/p>\n<h2><strong>Eileen Kramer &#8211; Danseuse centenaire<\/strong><\/h2>\n<p><span style=\"font-weight: 400;\"><strong>Eileen Kramer est n\u00e9e en 1914 \u00e0 Sydney en Australie.<\/strong><br \/>\n<\/span><span style=\"font-weight: 400;\">Apr\u00e8s des\u00a0<\/span><span style=\"font-weight: 400;\">\u00e9tudes au Conservatoire de Sydney Eileen Kramer int\u00e8gre la troupe du Bodenwieser Ballet.\u00a0Danseuse et chor\u00e9graphe, elle passe une grande partie de sa vie \u00e0 danser aux quatre coins du monde. \u00c0 l&rsquo;\u00e2ge de 99 ans, elle\u00a0revient vivre dans son Australie natale et rejoint la troupe Trillium Performing Art Collective.<\/span><span style=\"font-weight: 400;\">\u00a0Suite \u00e0 des probl\u00e8mes de jambes,\u00a0elle\u00a0adapte m\u00eame\u00a0<\/span><span style=\"font-weight: 400;\">sa pratique de la danse, refusant de se laisser\u00a0freiner.\u00a0Elle d\u00e9veloppe des chor\u00e9graphies centr\u00e9es sur le haut du corps et \u00e0 103 ans, elle danse toujours! Pour en\u00a0d\u00e9couvrir un peu plus cette artiste centenaire, le documentaire <strong><a href=\"https:\/\/dpa.portrait.gov.au\/dpa-finalist\/eileen\/\" target=\"_blank\" rel=\"noopener noreferrer\">Eileen<\/a><\/strong> de Sue Healey est une bonne ressource.\u00a0<\/span><\/p>\n<p><img loading=\"lazy\" decoding=\"async\" class=\"alignnone size-full wp-image-734\" src=\"https:\/\/www.maresidenceretraite.ca\/blogue\/wp-content\/uploads\/2018\/10\/eileen-kramer-danseuse-centenaire.jpg\" alt=\"Eileen Kramer danseuse centenaire\" width=\"810\" height=\"450\" srcset=\"https:\/\/www.maresidenceretraite.ca\/blogue\/wp-content\/uploads\/2018\/10\/eileen-kramer-danseuse-centenaire.jpg 810w, https:\/\/www.maresidenceretraite.ca\/blogue\/wp-content\/uploads\/2018\/10\/eileen-kramer-danseuse-centenaire-300x167.jpg 300w, https:\/\/www.maresidenceretraite.ca\/blogue\/wp-content\/uploads\/2018\/10\/eileen-kramer-danseuse-centenaire-768x427.jpg 768w\" sizes=\"auto, (max-width: 810px) 100vw, 810px\" \/><br \/>\n<strong>\u00ab\u00a0Les gens me disent:j&rsquo;aimerais tant avoir pu faire comme vous. Je r\u00e9ponds: eh bien faites le!\u00a0\u00bb<\/strong><img loading=\"lazy\" decoding=\"async\" class=\"alignnone size-full wp-image-736\" src=\"https:\/\/www.maresidenceretraite.ca\/blogue\/wp-content\/uploads\/2018\/10\/eileen-kramer-103-ans.jpg\" alt=\"eileen kramer danseuse de 103 ans\" width=\"810\" height=\"450\" srcset=\"https:\/\/www.maresidenceretraite.ca\/blogue\/wp-content\/uploads\/2018\/10\/eileen-kramer-103-ans.jpg 810w, https:\/\/www.maresidenceretraite.ca\/blogue\/wp-content\/uploads\/2018\/10\/eileen-kramer-103-ans-300x167.jpg 300w, https:\/\/www.maresidenceretraite.ca\/blogue\/wp-content\/uploads\/2018\/10\/eileen-kramer-103-ans-768x427.jpg 768w\" sizes=\"auto, (max-width: 810px) 100vw, 810px\" \/><\/p>\n<p><iframe loading=\"lazy\" src=\"https:\/\/www.youtube.com\/embed\/Xz4R6Rzf1KU\" width=\"810\" height=\"450\" frameborder=\"0\" allowfullscreen=\"allowfullscreen\"><\/iframe><br \/>\nIl n&rsquo;est pas n\u00e9cessaire de devenir un athl\u00e8te pour bien vieillir ou devenir un centenaire inspirant&#8230; Quand la retraite sonne, adopter un mode de vie sain et se donner le temps de faire des choses qui font du bien, c&rsquo;est d\u00e9j\u00e0 beaucoup! Certains choisissent le sport, d&rsquo;autres les arts, et pourquoi pas le partage en s&rsquo;impliquant par exemple dans la <strong><a href=\"https:\/\/www.maresidenceretraite.ca\/blogue\/art-de-vivre\/maison-des-grands-parents-sherbrooke\/\" target=\"_blank\" rel=\"noopener noreferrer\">Maison des Grand Parents<\/a><\/strong> de votre r\u00e9gion.<\/p>\n<p>(Source des images: MONEY, s2, RDS.it, Rex, Pinterest)<\/p>\n","protected":false},"excerpt":{"rendered":"<p>Tout le monde sait bien que garder la forme est important, surtout en vieillissant. Si vous\u00a0manquez de motivation, voici trois centenaires inspirants qui ont de l&rsquo;\u00e9nergie\u00a0\u00e0 revendre. Leur mode de vie est \u00e9tonnant! Orville Rogers &#8211; Coureur d\u2019\u00e9lite centenaire Orville Rogers est n\u00e9 le 28 novembre 1917 \u00e0 Hubbard (Texas) Pendant la Seconde Guerre mondiale, [&hellip;]<\/p>\n","protected":false},"author":6,"featured_media":750,"comment_status":"closed","ping_status":"closed","sticky":false,"template":"","format":"standard","meta":{"footnotes":""},"categories":[24,14],"tags":[],"class_list":["post-718","post","type-post","status-publish","format-standard","has-post-thumbnail","hentry","category-art-de-vivre","category-trucs-et-design"],"yoast_head":"<!-- This site is optimized with the Yoast SEO plugin v27.4 - https:\/\/yoast.com\/product\/yoast-seo-wordpress\/ -->\n<title>3 centenaires inspirants - Une le\u00e7on de vie - Ma R\u00e9sidence Retraite<\/title>\n<meta name=\"description\" content=\"Tout le monde sait bien que garder la forme est important, surtout en vieillissant. Si vous manquez de motivation, voici trois centenaires inspirants.\" \/>\n<meta name=\"robots\" content=\"index, follow, max-snippet:-1, max-image-preview:large, max-video-preview:-1\" \/>\n<link rel=\"canonical\" href=\"https:\/\/www.maresidenceretraite.ca\/blogue\/lecon-de-vie-par-3-centenaires-inspirants\/\" \/>\n<meta property=\"og:locale\" content=\"fr_FR\" \/>\n<meta property=\"og:type\" content=\"article\" \/>\n<meta property=\"og:title\" content=\"3 centenaires inspirants - Une le\u00e7on de vie - Ma R\u00e9sidence Retraite\" \/>\n<meta property=\"og:description\" content=\"Tout le monde sait bien que garder la forme est important, surtout en vieillissant. Si vous manquez de motivation, voici trois centenaires inspirants.\" \/>\n<meta property=\"og:url\" content=\"https:\/\/www.maresidenceretraite.ca\/blogue\/lecon-de-vie-par-3-centenaires-inspirants\/\" \/>\n<meta property=\"article:published_time\" content=\"2018-11-05T21:37:27+00:00\" \/>\n<meta property=\"article:modified_time\" content=\"2018-11-05T21:38:47+00:00\" \/>\n<meta property=\"og:image\" content=\"https:\/\/www.maresidenceretraite.ca\/blogue\/wp-content\/uploads\/2018\/10\/centenaire-inspirante-tao-porchon-lynch.jpg\" \/>\n\t<meta property=\"og:image:width\" content=\"1920\" \/>\n\t<meta property=\"og:image:height\" content=\"1080\" \/>\n\t<meta property=\"og:image:type\" content=\"image\/jpeg\" \/>\n<meta name=\"author\" content=\"Chrystelle Pasquet\" \/>\n<meta name=\"twitter:card\" content=\"summary_large_image\" \/>\n<meta name=\"twitter:label1\" content=\"Written by\" \/>\n\t<meta name=\"twitter:data1\" content=\"Chrystelle Pasquet\" \/>\n\t<meta name=\"twitter:label2\" content=\"Est. reading time\" \/>\n\t<meta name=\"twitter:data2\" content=\"3 minutes\" \/>\n<script type=\"application\/ld+json\" class=\"yoast-schema-graph\">{\"@context\":\"https:\\\/\\\/schema.org\",\"@graph\":[{\"@type\":\"Article\",\"@id\":\"https:\\\/\\\/www.maresidenceretraite.ca\\\/blogue\\\/lecon-de-vie-par-3-centenaires-inspirants\\\/#article\",\"isPartOf\":{\"@id\":\"https:\\\/\\\/www.maresidenceretraite.ca\\\/blogue\\\/lecon-de-vie-par-3-centenaires-inspirants\\\/\"},\"author\":{\"name\":\"Chrystelle Pasquet\",\"@id\":\"https:\\\/\\\/www.maresidenceretraite.ca\\\/blogue\\\/#\\\/schema\\\/person\\\/990165780b3a4a42e0f447a3785e7bef\"},\"headline\":\"3 centenaires inspirants &#8211; Une le\u00e7on de vie\",\"datePublished\":\"2018-11-05T21:37:27+00:00\",\"dateModified\":\"2018-11-05T21:38:47+00:00\",\"mainEntityOfPage\":{\"@id\":\"https:\\\/\\\/www.maresidenceretraite.ca\\\/blogue\\\/lecon-de-vie-par-3-centenaires-inspirants\\\/\"},\"wordCount\":594,\"publisher\":{\"@id\":\"https:\\\/\\\/www.maresidenceretraite.ca\\\/blogue\\\/#organization\"},\"image\":{\"@id\":\"https:\\\/\\\/www.maresidenceretraite.ca\\\/blogue\\\/lecon-de-vie-par-3-centenaires-inspirants\\\/#primaryimage\"},\"thumbnailUrl\":\"https:\\\/\\\/www.maresidenceretraite.ca\\\/blogue\\\/wp-content\\\/uploads\\\/2018\\\/10\\\/centenaire-inspirante-tao-porchon-lynch.jpg\",\"articleSection\":[\"ART DE VIVRE\",\"ASTUCES\"],\"inLanguage\":\"fr-FR\"},{\"@type\":\"WebPage\",\"@id\":\"https:\\\/\\\/www.maresidenceretraite.ca\\\/blogue\\\/lecon-de-vie-par-3-centenaires-inspirants\\\/\",\"url\":\"https:\\\/\\\/www.maresidenceretraite.ca\\\/blogue\\\/lecon-de-vie-par-3-centenaires-inspirants\\\/\",\"name\":\"3 centenaires inspirants - Une le\u00e7on de vie - Ma R\u00e9sidence Retraite\",\"isPartOf\":{\"@id\":\"https:\\\/\\\/www.maresidenceretraite.ca\\\/blogue\\\/#website\"},\"primaryImageOfPage\":{\"@id\":\"https:\\\/\\\/www.maresidenceretraite.ca\\\/blogue\\\/lecon-de-vie-par-3-centenaires-inspirants\\\/#primaryimage\"},\"image\":{\"@id\":\"https:\\\/\\\/www.maresidenceretraite.ca\\\/blogue\\\/lecon-de-vie-par-3-centenaires-inspirants\\\/#primaryimage\"},\"thumbnailUrl\":\"https:\\\/\\\/www.maresidenceretraite.ca\\\/blogue\\\/wp-content\\\/uploads\\\/2018\\\/10\\\/centenaire-inspirante-tao-porchon-lynch.jpg\",\"datePublished\":\"2018-11-05T21:37:27+00:00\",\"dateModified\":\"2018-11-05T21:38:47+00:00\",\"description\":\"Tout le monde sait bien que garder la forme est important, surtout en vieillissant. Si vous manquez de motivation, voici trois centenaires inspirants.\",\"breadcrumb\":{\"@id\":\"https:\\\/\\\/www.maresidenceretraite.ca\\\/blogue\\\/lecon-de-vie-par-3-centenaires-inspirants\\\/#breadcrumb\"},\"inLanguage\":\"fr-FR\",\"potentialAction\":[{\"@type\":\"ReadAction\",\"target\":[\"https:\\\/\\\/www.maresidenceretraite.ca\\\/blogue\\\/lecon-de-vie-par-3-centenaires-inspirants\\\/\"]}]},{\"@type\":\"ImageObject\",\"inLanguage\":\"fr-FR\",\"@id\":\"https:\\\/\\\/www.maresidenceretraite.ca\\\/blogue\\\/lecon-de-vie-par-3-centenaires-inspirants\\\/#primaryimage\",\"url\":\"https:\\\/\\\/www.maresidenceretraite.ca\\\/blogue\\\/wp-content\\\/uploads\\\/2018\\\/10\\\/centenaire-inspirante-tao-porchon-lynch.jpg\",\"contentUrl\":\"https:\\\/\\\/www.maresidenceretraite.ca\\\/blogue\\\/wp-content\\\/uploads\\\/2018\\\/10\\\/centenaire-inspirante-tao-porchon-lynch.jpg\",\"width\":1920,\"height\":1080,\"caption\":\"Tao Porchon Lynch yogi centenaire\"},{\"@type\":\"BreadcrumbList\",\"@id\":\"https:\\\/\\\/www.maresidenceretraite.ca\\\/blogue\\\/lecon-de-vie-par-3-centenaires-inspirants\\\/#breadcrumb\",\"itemListElement\":[{\"@type\":\"ListItem\",\"position\":1,\"name\":\"Accueil\",\"item\":\"https:\\\/\\\/www.maresidenceretraite.ca\\\/blogue\\\/\"},{\"@type\":\"ListItem\",\"position\":2,\"name\":\"3 centenaires inspirants &#8211; Une le\u00e7on de vie\"}]},{\"@type\":\"WebSite\",\"@id\":\"https:\\\/\\\/www.maresidenceretraite.ca\\\/blogue\\\/#website\",\"url\":\"https:\\\/\\\/www.maresidenceretraite.ca\\\/blogue\\\/\",\"name\":\"\",\"description\":\"Articles traitant de la retraite et des a\u00een\u00e9s.\",\"publisher\":{\"@id\":\"https:\\\/\\\/www.maresidenceretraite.ca\\\/blogue\\\/#organization\"},\"potentialAction\":[{\"@type\":\"SearchAction\",\"target\":{\"@type\":\"EntryPoint\",\"urlTemplate\":\"https:\\\/\\\/www.maresidenceretraite.ca\\\/blogue\\\/?s={search_term_string}\"},\"query-input\":{\"@type\":\"PropertyValueSpecification\",\"valueRequired\":true,\"valueName\":\"search_term_string\"}}],\"inLanguage\":\"fr-FR\"},{\"@type\":\"Organization\",\"@id\":\"https:\\\/\\\/www.maresidenceretraite.ca\\\/blogue\\\/#organization\",\"name\":\"SiLO Communication\",\"url\":\"https:\\\/\\\/www.maresidenceretraite.ca\\\/blogue\\\/\",\"logo\":{\"@type\":\"ImageObject\",\"inLanguage\":\"fr-FR\",\"@id\":\"https:\\\/\\\/www.maresidenceretraite.ca\\\/blogue\\\/#\\\/schema\\\/logo\\\/image\\\/\",\"url\":\"https:\\\/\\\/www.maresidenceretraite.ca\\\/blogue\\\/wp-content\\\/uploads\\\/2017\\\/07\\\/silo-logo-css.jpg\",\"contentUrl\":\"https:\\\/\\\/www.maresidenceretraite.ca\\\/blogue\\\/wp-content\\\/uploads\\\/2017\\\/07\\\/silo-logo-css.jpg\",\"width\":600,\"height\":400,\"caption\":\"SiLO Communication\"},\"image\":{\"@id\":\"https:\\\/\\\/www.maresidenceretraite.ca\\\/blogue\\\/#\\\/schema\\\/logo\\\/image\\\/\"}},{\"@type\":\"Person\",\"@id\":\"https:\\\/\\\/www.maresidenceretraite.ca\\\/blogue\\\/#\\\/schema\\\/person\\\/990165780b3a4a42e0f447a3785e7bef\",\"name\":\"Chrystelle Pasquet\",\"image\":{\"@type\":\"ImageObject\",\"inLanguage\":\"fr-FR\",\"@id\":\"https:\\\/\\\/secure.gravatar.com\\\/avatar\\\/caa48b3de801cf17f85f26bb7429027ec67aaa3f6859cfa8ceaef2202243eb89?s=96&d=mm&r=g\",\"url\":\"https:\\\/\\\/secure.gravatar.com\\\/avatar\\\/caa48b3de801cf17f85f26bb7429027ec67aaa3f6859cfa8ceaef2202243eb89?s=96&d=mm&r=g\",\"contentUrl\":\"https:\\\/\\\/secure.gravatar.com\\\/avatar\\\/caa48b3de801cf17f85f26bb7429027ec67aaa3f6859cfa8ceaef2202243eb89?s=96&d=mm&r=g\",\"caption\":\"Chrystelle Pasquet\"},\"url\":\"https:\\\/\\\/www.maresidenceretraite.ca\\\/blogue\\\/author\\\/chrystelle\\\/\"}]}<\/script>\n<!-- \/ Yoast SEO plugin. -->","yoast_head_json":{"title":"3 centenaires inspirants - Une le\u00e7on de vie - Ma R\u00e9sidence Retraite","description":"Tout le monde sait bien que garder la forme est important, surtout en vieillissant. Si vous manquez de motivation, voici trois centenaires inspirants.","robots":{"index":"index","follow":"follow","max-snippet":"max-snippet:-1","max-image-preview":"max-image-preview:large","max-video-preview":"max-video-preview:-1"},"canonical":"https:\/\/www.maresidenceretraite.ca\/blogue\/lecon-de-vie-par-3-centenaires-inspirants\/","og_locale":"fr_FR","og_type":"article","og_title":"3 centenaires inspirants - Une le\u00e7on de vie - Ma R\u00e9sidence Retraite","og_description":"Tout le monde sait bien que garder la forme est important, surtout en vieillissant. Si vous manquez de motivation, voici trois centenaires inspirants.","og_url":"https:\/\/www.maresidenceretraite.ca\/blogue\/lecon-de-vie-par-3-centenaires-inspirants\/","article_published_time":"2018-11-05T21:37:27+00:00","article_modified_time":"2018-11-05T21:38:47+00:00","og_image":[{"width":1920,"height":1080,"url":"https:\/\/www.maresidenceretraite.ca\/blogue\/wp-content\/uploads\/2018\/10\/centenaire-inspirante-tao-porchon-lynch.jpg","type":"image\/jpeg"}],"author":"Chrystelle Pasquet","twitter_card":"summary_large_image","twitter_misc":{"Written by":"Chrystelle Pasquet","Est. reading time":"3 minutes"},"schema":{"@context":"https:\/\/schema.org","@graph":[{"@type":"Article","@id":"https:\/\/www.maresidenceretraite.ca\/blogue\/lecon-de-vie-par-3-centenaires-inspirants\/#article","isPartOf":{"@id":"https:\/\/www.maresidenceretraite.ca\/blogue\/lecon-de-vie-par-3-centenaires-inspirants\/"},"author":{"name":"Chrystelle Pasquet","@id":"https:\/\/www.maresidenceretraite.ca\/blogue\/#\/schema\/person\/990165780b3a4a42e0f447a3785e7bef"},"headline":"3 centenaires inspirants &#8211; Une le\u00e7on de vie","datePublished":"2018-11-05T21:37:27+00:00","dateModified":"2018-11-05T21:38:47+00:00","mainEntityOfPage":{"@id":"https:\/\/www.maresidenceretraite.ca\/blogue\/lecon-de-vie-par-3-centenaires-inspirants\/"},"wordCount":594,"publisher":{"@id":"https:\/\/www.maresidenceretraite.ca\/blogue\/#organization"},"image":{"@id":"https:\/\/www.maresidenceretraite.ca\/blogue\/lecon-de-vie-par-3-centenaires-inspirants\/#primaryimage"},"thumbnailUrl":"https:\/\/www.maresidenceretraite.ca\/blogue\/wp-content\/uploads\/2018\/10\/centenaire-inspirante-tao-porchon-lynch.jpg","articleSection":["ART DE VIVRE","ASTUCES"],"inLanguage":"fr-FR"},{"@type":"WebPage","@id":"https:\/\/www.maresidenceretraite.ca\/blogue\/lecon-de-vie-par-3-centenaires-inspirants\/","url":"https:\/\/www.maresidenceretraite.ca\/blogue\/lecon-de-vie-par-3-centenaires-inspirants\/","name":"3 centenaires inspirants - Une le\u00e7on de vie - Ma R\u00e9sidence Retraite","isPartOf":{"@id":"https:\/\/www.maresidenceretraite.ca\/blogue\/#website"},"primaryImageOfPage":{"@id":"https:\/\/www.maresidenceretraite.ca\/blogue\/lecon-de-vie-par-3-centenaires-inspirants\/#primaryimage"},"image":{"@id":"https:\/\/www.maresidenceretraite.ca\/blogue\/lecon-de-vie-par-3-centenaires-inspirants\/#primaryimage"},"thumbnailUrl":"https:\/\/www.maresidenceretraite.ca\/blogue\/wp-content\/uploads\/2018\/10\/centenaire-inspirante-tao-porchon-lynch.jpg","datePublished":"2018-11-05T21:37:27+00:00","dateModified":"2018-11-05T21:38:47+00:00","description":"Tout le monde sait bien que garder la forme est important, surtout en vieillissant. Si vous manquez de motivation, voici trois centenaires inspirants.","breadcrumb":{"@id":"https:\/\/www.maresidenceretraite.ca\/blogue\/lecon-de-vie-par-3-centenaires-inspirants\/#breadcrumb"},"inLanguage":"fr-FR","potentialAction":[{"@type":"ReadAction","target":["https:\/\/www.maresidenceretraite.ca\/blogue\/lecon-de-vie-par-3-centenaires-inspirants\/"]}]},{"@type":"ImageObject","inLanguage":"fr-FR","@id":"https:\/\/www.maresidenceretraite.ca\/blogue\/lecon-de-vie-par-3-centenaires-inspirants\/#primaryimage","url":"https:\/\/www.maresidenceretraite.ca\/blogue\/wp-content\/uploads\/2018\/10\/centenaire-inspirante-tao-porchon-lynch.jpg","contentUrl":"https:\/\/www.maresidenceretraite.ca\/blogue\/wp-content\/uploads\/2018\/10\/centenaire-inspirante-tao-porchon-lynch.jpg","width":1920,"height":1080,"caption":"Tao Porchon Lynch yogi centenaire"},{"@type":"BreadcrumbList","@id":"https:\/\/www.maresidenceretraite.ca\/blogue\/lecon-de-vie-par-3-centenaires-inspirants\/#breadcrumb","itemListElement":[{"@type":"ListItem","position":1,"name":"Accueil","item":"https:\/\/www.maresidenceretraite.ca\/blogue\/"},{"@type":"ListItem","position":2,"name":"3 centenaires inspirants &#8211; Une le\u00e7on de vie"}]},{"@type":"WebSite","@id":"https:\/\/www.maresidenceretraite.ca\/blogue\/#website","url":"https:\/\/www.maresidenceretraite.ca\/blogue\/","name":"","description":"Articles traitant de la retraite et des a\u00een\u00e9s.","publisher":{"@id":"https:\/\/www.maresidenceretraite.ca\/blogue\/#organization"},"potentialAction":[{"@type":"SearchAction","target":{"@type":"EntryPoint","urlTemplate":"https:\/\/www.maresidenceretraite.ca\/blogue\/?s={search_term_string}"},"query-input":{"@type":"PropertyValueSpecification","valueRequired":true,"valueName":"search_term_string"}}],"inLanguage":"fr-FR"},{"@type":"Organization","@id":"https:\/\/www.maresidenceretraite.ca\/blogue\/#organization","name":"SiLO Communication","url":"https:\/\/www.maresidenceretraite.ca\/blogue\/","logo":{"@type":"ImageObject","inLanguage":"fr-FR","@id":"https:\/\/www.maresidenceretraite.ca\/blogue\/#\/schema\/logo\/image\/","url":"https:\/\/www.maresidenceretraite.ca\/blogue\/wp-content\/uploads\/2017\/07\/silo-logo-css.jpg","contentUrl":"https:\/\/www.maresidenceretraite.ca\/blogue\/wp-content\/uploads\/2017\/07\/silo-logo-css.jpg","width":600,"height":400,"caption":"SiLO Communication"},"image":{"@id":"https:\/\/www.maresidenceretraite.ca\/blogue\/#\/schema\/logo\/image\/"}},{"@type":"Person","@id":"https:\/\/www.maresidenceretraite.ca\/blogue\/#\/schema\/person\/990165780b3a4a42e0f447a3785e7bef","name":"Chrystelle Pasquet","image":{"@type":"ImageObject","inLanguage":"fr-FR","@id":"https:\/\/secure.gravatar.com\/avatar\/caa48b3de801cf17f85f26bb7429027ec67aaa3f6859cfa8ceaef2202243eb89?s=96&d=mm&r=g","url":"https:\/\/secure.gravatar.com\/avatar\/caa48b3de801cf17f85f26bb7429027ec67aaa3f6859cfa8ceaef2202243eb89?s=96&d=mm&r=g","contentUrl":"https:\/\/secure.gravatar.com\/avatar\/caa48b3de801cf17f85f26bb7429027ec67aaa3f6859cfa8ceaef2202243eb89?s=96&d=mm&r=g","caption":"Chrystelle Pasquet"},"url":"https:\/\/www.maresidenceretraite.ca\/blogue\/author\/chrystelle\/"}]}},"_links":{"self":[{"href":"https:\/\/www.maresidenceretraite.ca\/blogue\/wp-json\/wp\/v2\/posts\/718","targetHints":{"allow":["GET"]}}],"collection":[{"href":"https:\/\/www.maresidenceretraite.ca\/blogue\/wp-json\/wp\/v2\/posts"}],"about":[{"href":"https:\/\/www.maresidenceretraite.ca\/blogue\/wp-json\/wp\/v2\/types\/post"}],"author":[{"embeddable":true,"href":"https:\/\/www.maresidenceretraite.ca\/blogue\/wp-json\/wp\/v2\/users\/6"}],"replies":[{"embeddable":true,"href":"https:\/\/www.maresidenceretraite.ca\/blogue\/wp-json\/wp\/v2\/comments?post=718"}],"version-history":[{"count":0,"href":"https:\/\/www.maresidenceretraite.ca\/blogue\/wp-json\/wp\/v2\/posts\/718\/revisions"}],"wp:featuredmedia":[{"embeddable":true,"href":"https:\/\/www.maresidenceretraite.ca\/blogue\/wp-json\/wp\/v2\/media\/750"}],"wp:attachment":[{"href":"https:\/\/www.maresidenceretraite.ca\/blogue\/wp-json\/wp\/v2\/media?parent=718"}],"wp:term":[{"taxonomy":"category","embeddable":true,"href":"https:\/\/www.maresidenceretraite.ca\/blogue\/wp-json\/wp\/v2\/categories?post=718"},{"taxonomy":"post_tag","embeddable":true,"href":"https:\/\/www.maresidenceretraite.ca\/blogue\/wp-json\/wp\/v2\/tags?post=718"}],"curies":[{"name":"wp","href":"https:\/\/api.w.org\/{rel}","templated":true}]}}